{"id":962,"date":"2018-09-10T14:56:11","date_gmt":"2018-09-10T13:56:11","guid":{"rendered":"http:\/\/amiens-sociologie.fr\/?p=962"},"modified":"2018-09-10T14:56:11","modified_gmt":"2018-09-10T13:56:11","slug":"offre-de-stage-ou-de-service-civique-a-lepi-amiens","status":"publish","type":"post","link":"http:\/\/amiens-sociologie.fr\/index.php\/2018\/09\/10\/offre-de-stage-ou-de-service-civique-a-lepi-amiens\/","title":{"rendered":"Offre de stage ou de service civique \u00e0 l&#8217;EPI (Amiens)"},"content":{"rendered":"<div data-test-id=\"message-view-body\">\n<div class=\"msg-body P_wpofO iy_A\" data-test-id=\"message-view-body-content\">\n<div class=\"jb_0 X_6MGW N_6Fd5\">\n<div>\n<div id=\"yiv8484432950\">\n<div dir=\"ltr\">\n<div class=\"yiv8484432950gmail_default\">L&#8217;association EPI, centre de ressources diversit\u00e9s et migrations en Hauts-de-France, est \u00e0 la recherche d&#8217;un-e stagiaire ou d&#8217;un-e service civique durant plusieurs mois \u00e0 compter du 10 septembre 2018. La proposition (dur\u00e9e, temps de travail) sera adapt\u00e9e en fonction du profil et de la formation de l\u2019\u00e9tudiant-e int\u00e9ress\u00e9-e, ainsi que les propositions de mission.<\/div>\n<div class=\"yiv8484432950gmail_default\"><\/div>\n<div class=\"yiv8484432950gmail_default\">L&#8217;autonomie et l&#8217;int\u00e9r\u00eat pour les champs d&#8217;intervention de l&#8217;EPI (migrations, politiques publiques, travail social) sont recherch\u00e9s.<\/div>\n<div class=\"yiv8484432950gmail_default\"><\/div>\n<p>Contact :<\/p>\n<div class=\"yiv8484432950gmail_default\">Soizic Cayer<\/div>\n<div class=\"yiv8484432950gmail_default\"><\/div>\n<div><\/div>\n<p>&#8212;<\/p>\n<div class=\"yiv8484432950gmail_signature\" dir=\"ltr\">\n<div dir=\"ltr\">\n<div>\n<div dir=\"ltr\">\n<div>\n<div dir=\"ltr\">\n<div dir=\"ltr\">\n<div dir=\"ltr\">\n<p><img loading=\"lazy\" src=\"https:\/\/ecp.yusercontent.com\/mail?url=https%3A%2F%2Fdocs.google.com%2Fuc%3Fexport%3Ddownload%26id%3D0B9MShvto-ykgS0dabnNlTlpjcGs%26revid%3D0B9MShvto-ykgUUlBVm5VVmwwTWgvaXhqZzdVU1RmTE1sSHZzPQ&amp;t=1536586791&amp;ymreqid=e5bb6287-7598-a7b8-1c63-330000017100&amp;sig=hZZyc8nVNg1nkFV91yRNtQ--%7EC\" width=\"420\" height=\"235\" \/><\/p>\n<p><span style=\"color: #3d85c6; font-family: comic sans ms, sans-serif; font-size: xx-small;\">\u00a0 \u00a0 \u00a0 Consultez\u00a0notre <a href=\"http:\/\/www.epi-diversites-migrations.com\/\" target=\"_blank\" rel=\"nofollow noopener\">site internet <\/a>et notre<a href=\"https:\/\/www.facebook.com\/EPI-diversit%C3%A9s-et-migrations-171129796431524\/\" target=\"_blank\" rel=\"nofollow noopener\"> page Facebook<\/a><\/span><\/p>\n<div>\n<p><span style=\"color: #3d85c6; font-family: comic sans ms, sans-serif; font-size: xx-small;\">\u00a0 \u00a0 \u00a0 Parcourez le site internet de ressources d&#8217;<a href=\"https:\/\/www.ressources-anim.com\/\" target=\"_blank\" rel=\"nofollow noopener\">Education \u00e0 la Citoyennet\u00e9 et \u00e0 la Solidarit\u00e9 Internationale\u00a0<\/a><\/span><\/p>\n<\/div>\n<\/div>\n<\/div>\n<\/div>\n<\/div>\n<\/div>\n<\/div>\n<\/div>\n<\/div>\n<\/div>\n<\/div>\n<\/div>\n<\/div>\n<\/div>\n<div class=\"jb_0 X_6MGW N_6Fd5\"><\/div>\n<\/div>\n<div class=\"H_7jIs D_F ab_C Q_69H5 E_36RhU\" data-test-id=\"toolbar-hover-area\">\n<div class=\"D_F W_6D6F r_BN gl_C\" data-test-id=\"card-toolbar\">\n<div class=\"D_F ab_C en_0 b_Z14vXdP e_3mS2U I_52qC P_Z1otBpf\">\n<ul class=\"hd_n P_0 H_6D6F M_0 ir3_0 D_F ab_C\" tabindex=\"0\" role=\"menubar\" data-test-id=\"navigable-list\">\n<li class=\"G_e p_R\" role=\"menuitem\"><\/li>\n<\/ul>\n<\/div>\n<\/div>\n<\/div>\n","protected":false},"excerpt":{"rendered":"<p>L&#8217;association EPI, centre de ressources diversit\u00e9s et migrations en Hauts-de-France, est \u00e0 la recherche d&#8217;un-e stagiaire ou d&#8217;un-e service civique durant plusieurs mois \u00e0 compter du 10 septembre 2018. La proposition (dur\u00e9e, temps de travail) sera adapt\u00e9e en fonction du profil et de la formation de l\u2019\u00e9tudiant-e int\u00e9ress\u00e9-e, ainsi que les propositions de mission. L&#8217;autonomie &#8230; <a title=\"Offre de stage ou de service civique \u00e0 l&#8217;EPI (Amiens)\" class=\"read-more\" href=\"http:\/\/amiens-sociologie.fr\/index.php\/2018\/09\/10\/offre-de-stage-ou-de-service-civique-a-lepi-amiens\/\">Read more<span class=\"screen-reader-text\">Offre de stage ou de service civique \u00e0 l&#8217;EPI (Amiens)<\/span><\/a><\/p>\n","protected":false},"author":12,"featured_media":0,"comment_status":"closed","ping_status":"open","sticky":false,"template":"","format":"standard","meta":[],"categories":[5,27],"tags":[],"_links":{"self":[{"href":"http:\/\/amiens-sociologie.fr\/index.php\/wp-json\/wp\/v2\/posts\/962"}],"collection":[{"href":"http:\/\/amiens-sociologie.fr\/index.php\/wp-json\/wp\/v2\/posts"}],"about":[{"href":"http:\/\/amiens-sociologie.fr\/index.php\/wp-json\/wp\/v2\/types\/post"}],"author":[{"embeddable":true,"href":"http:\/\/amiens-sociologie.fr\/index.php\/wp-json\/wp\/v2\/users\/12"}],"replies":[{"embeddable":true,"href":"http:\/\/amiens-sociologie.fr\/index.php\/wp-json\/wp\/v2\/comments?post=962"}],"version-history":[{"count":1,"href":"http:\/\/amiens-sociologie.fr\/index.php\/wp-json\/wp\/v2\/posts\/962\/revisions"}],"predecessor-version":[{"id":963,"href":"http:\/\/amiens-sociologie.fr\/index.php\/wp-json\/wp\/v2\/posts\/962\/revisions\/963"}],"wp:attachment":[{"href":"http:\/\/amiens-sociologie.fr\/index.php\/wp-json\/wp\/v2\/media?parent=962"}],"wp:term":[{"taxonomy":"category","embeddable":true,"href":"http:\/\/amiens-sociologie.fr\/index.php\/wp-json\/wp\/v2\/categories?post=962"},{"taxonomy":"post_tag","embeddable":true,"href":"http:\/\/amiens-sociologie.fr\/index.php\/wp-json\/wp\/v2\/tags?post=962"}],"curies":[{"name":"wp","href":"https:\/\/api.w.org\/{rel}","templated":true}]}}