{"id":661,"date":"2018-03-02T18:43:10","date_gmt":"2018-03-02T17:43:10","guid":{"rendered":"http:\/\/amiens-sociologie.fr\/?p=661"},"modified":"2018-03-02T18:43:10","modified_gmt":"2018-03-02T17:43:10","slug":"proposition-de-stage-agence-des-espaces-verts-ile-de-france-methodologie-detude-de-la-frequentation-des-sites-naturels","status":"publish","type":"post","link":"http:\/\/amiens-sociologie.fr\/index.php\/2018\/03\/02\/proposition-de-stage-agence-des-espaces-verts-ile-de-france-methodologie-detude-de-la-frequentation-des-sites-naturels\/","title":{"rendered":"Proposition de stage Agence des espaces verts &#8211; Ile-de-France : m\u00e9thodologie d&#8217;\u00e9tude de la fr\u00e9quentation des sites naturels"},"content":{"rendered":"<p class=\"yiv9763560562MsoNormal\">Pour postuler \u00e0 cette offre de stage en vue de r\u00e9aliser une \u00e9tude sur la fr\u00e9quentation des sites naturels de la R\u00e9gion Ile-de-France, suivre le lien : \u00a0 <a href=\"http:\/\/www.aev-iledefrance.fr\/recrutement\/stagiaire-charge-e-de-l-etude-de-la-frequentation-des-sites\" target=\"_blank\" rel=\"noreferrer noopener\"> http:\/\/www.aev-iledefrance.fr\/ recrutement\/stagiaire-charge-e -de-l-etude-de-la-frequentatio n-des-sites<\/a><\/p>\n<p class=\"yiv9763560562MsoNormal\"><u><\/u>\u00a0<u><\/u><\/p>\n<p class=\"yiv9763560562MsoNormal\">Pour tout compl\u00e9ment d\u2019information, contacter :<u><\/u><\/p>\n<p class=\"yiv9763560562MsoNormal\"><b>Thomas FRANCOUAL<u><\/u><u><\/u><\/b><\/p>\n<p class=\"yiv9763560562MsoNormal\">Responsable de la Mission Am\u00e9nagement<\/p>\n<p class=\"yiv9763560562MsoNormal\">Service Am\u00e9nagement et Gestion<u><\/u><u><\/u><\/p>\n<p class=\"yiv9763560562MsoNormal\"><img loading=\"lazy\" id=\"yiv9763560562m_5544656662924957484m_-4135485413181476593Image_x0020_1\" src=\"https:\/\/dl-mail.ymail.com\/ws\/download\/mailboxes\/@.id==VjN-EgxB0cj_fTxRz0hUzGvgZ4V7yvTkCHL36uMNyMlRODxVmX0rqwmasY5lmhfjIJD6vJ_josKc0NTe5reqVcg1QQ\/messages\/@.id==AOFJyAoAAAKrWpj4XwW8wKhb6gI\/content\/parts\/@.id==2\/raw?appid=YMailNorrin&amp;ymreqid=e5bb6287-7598-a7b8-1cff-97005701be00&amp;token=zitEzqOML3j84e6ealFTT5U7-km5qEQF52lp7AcCuBZmJ5VacIJJoNS03pd_dNs58_ewXdPrHF0BVaHKmHfFGEwC-Nh4fXYUQ7mcEd9kztBOG87BJ_cnZtxJMFC4LO1L\" alt=\"AEV-IDF-logo-web\" width=\"107\" height=\"92\" border=\"0\" \/><u><\/u><u><\/u><\/p>\n<p class=\"yiv9763560562MsoNormal\"><b>Agence des espaces verts de la R\u00e9gion Ile-de-France<\/b><u><\/u><u><\/u><\/p>\n<p class=\"yiv9763560562MsoNormal\">90-92 avenue du G\u00e9n\u00e9ral Leclerc \u2013 93500 PANTIN<u><\/u><u><\/u><\/p>\n<p class=\"yiv9763560562MsoNormal\">Tel : 01 83 65 38 66<b> &#8211; <\/b>Portable : 06 85 03 46 84<u><\/u><u><\/u><\/p>\n<p class=\"yiv9763560562MsoNormal\">Fax : 01 82 82 83 85<u><\/u><u><\/u><\/p>\n<p class=\"yiv9763560562MsoNormal\"><b><a href=\"http:\/\/www.aev-iledefrance.fr\" target=\"_blank\" rel=\"nofollow noopener\">www.aev-iledefrance.fr<\/a> <\/b><span lang=\"EN-GB\">Facebook : <\/span><a href=\"http:\/\/www.facebook.com\/home.php#!\/pages\/AEV-Ile-de-France\/171394999579663\" target=\"_blank\" rel=\"nofollow noopener\"><span lang=\"EN-GB\">facebook.com\/aeviledefrance<\/span><\/a><span lang=\"EN-GB\">\u00a0\u00a0 <\/span><span lang=\"EN-GB\">Twitter : <\/span><a href=\"http:\/\/twitter.com\/#!\/aeviledefrance\" target=\"_blank\" rel=\"nofollow noopener\"><span lang=\"EN-GB\">@aeviledefrance<\/span><\/a><span lang=\"EN-GB\">\u00a0et <\/span><a href=\"http:\/\/www.vimeo.com\/user7927343\" target=\"_blank\" rel=\"nofollow noopener\"><span lang=\"EN-GB\">Vim\u00e9o<\/span><\/a><\/p>\n","protected":false},"excerpt":{"rendered":"<p>Pour postuler \u00e0 cette offre de stage en vue de r\u00e9aliser une \u00e9tude sur la fr\u00e9quentation des sites naturels de la R\u00e9gion Ile-de-France, suivre le lien : \u00a0 http:\/\/www.aev-iledefrance.fr\/ recrutement\/stagiaire-charge-e -de-l-etude-de-la-frequentatio n-des-sites \u00a0 Pour tout compl\u00e9ment d\u2019information, contacter : Thomas FRANCOUAL Responsable de la Mission Am\u00e9nagement Service Am\u00e9nagement et Gestion Agence des espaces verts de &#8230; <a title=\"Proposition de stage Agence des espaces verts &#8211; Ile-de-France : m\u00e9thodologie d&#8217;\u00e9tude de la fr\u00e9quentation des sites naturels\" class=\"read-more\" href=\"http:\/\/amiens-sociologie.fr\/index.php\/2018\/03\/02\/proposition-de-stage-agence-des-espaces-verts-ile-de-france-methodologie-detude-de-la-frequentation-des-sites-naturels\/\">Read more<span class=\"screen-reader-text\">Proposition de stage Agence des espaces verts &#8211; Ile-de-France : m\u00e9thodologie d&#8217;\u00e9tude de la fr\u00e9quentation des sites naturels<\/span><\/a><\/p>\n","protected":false},"author":12,"featured_media":0,"comment_status":"closed","ping_status":"open","sticky":false,"template":"","format":"standard","meta":[],"categories":[5,14,27],"tags":[],"_links":{"self":[{"href":"http:\/\/amiens-sociologie.fr\/index.php\/wp-json\/wp\/v2\/posts\/661"}],"collection":[{"href":"http:\/\/amiens-sociologie.fr\/index.php\/wp-json\/wp\/v2\/posts"}],"about":[{"href":"http:\/\/amiens-sociologie.fr\/index.php\/wp-json\/wp\/v2\/types\/post"}],"author":[{"embeddable":true,"href":"http:\/\/amiens-sociologie.fr\/index.php\/wp-json\/wp\/v2\/users\/12"}],"replies":[{"embeddable":true,"href":"http:\/\/amiens-sociologie.fr\/index.php\/wp-json\/wp\/v2\/comments?post=661"}],"version-history":[{"count":1,"href":"http:\/\/amiens-sociologie.fr\/index.php\/wp-json\/wp\/v2\/posts\/661\/revisions"}],"predecessor-version":[{"id":662,"href":"http:\/\/amiens-sociologie.fr\/index.php\/wp-json\/wp\/v2\/posts\/661\/revisions\/662"}],"wp:attachment":[{"href":"http:\/\/amiens-sociologie.fr\/index.php\/wp-json\/wp\/v2\/media?parent=661"}],"wp:term":[{"taxonomy":"category","embeddable":true,"href":"http:\/\/amiens-sociologie.fr\/index.php\/wp-json\/wp\/v2\/categories?post=661"},{"taxonomy":"post_tag","embeddable":true,"href":"http:\/\/amiens-sociologie.fr\/index.php\/wp-json\/wp\/v2\/tags?post=661"}],"curies":[{"name":"wp","href":"https:\/\/api.w.org\/{rel}","templated":true}]}}