{"id":627,"date":"2018-02-06T23:44:19","date_gmt":"2018-02-06T22:44:19","guid":{"rendered":"http:\/\/amiens-sociologie.fr\/?p=627"},"modified":"2018-02-06T23:44:19","modified_gmt":"2018-02-06T22:44:19","slug":"offre-de-stage-de-charge-e-detudes-niveau-master-dans-le-domaine-des-politiques-de-lemploi-et-du-marche-du-travail-au-sein-du-departement-benchmark-international-de-pole-emploi","status":"publish","type":"post","link":"http:\/\/amiens-sociologie.fr\/index.php\/2018\/02\/06\/offre-de-stage-de-charge-e-detudes-niveau-master-dans-le-domaine-des-politiques-de-lemploi-et-du-marche-du-travail-au-sein-du-departement-benchmark-international-de-pole-emploi\/","title":{"rendered":"Offre de stage de charg\u00e9-e d\u2019\u00e9tudes niveau Master dans le domaine des Politiques de l&#8217;Emploi et du March\u00e9 du Travail au sein du d\u00e9partement Benchmark International de P\u00f4le Emploi"},"content":{"rendered":"<p class=\"yiv5404837238MsoPlainText\">Offre de stage de charg\u00e9-e d\u2019\u00e9tudes de niveau Master <span class=\"en_N i_3mCHE\" title=\"[ancmsp] Offre de stage conventionn\u00e9 de charg\u00e9-e d'\u00e9tudes dans le domaine des Politiques de l'Emploi et du March\u00e9 du Travail \" data-test-id=\"message-group-subject\"><span data-test-id=\"message-group-subject-text\">dans le domaine des Politiques de l&#8217;Emploi et du March\u00e9 du Travail au sein du d\u00e9partement Benchmark International <\/span><\/span>de la Direction des Affaires et Relations Internationales de P\u00f4le Emploi.<\/p>\n<p class=\"yiv5404837238MsoNormal\">Il s\u2019agit d\u2019une offre de stage conventionn\u00e9 d\u2019une dur\u00e9e de 4 \u00e0 6 mois, pour des \u00e9tudiants de Master en sciences \u00e9conomiques, sciences sociales ou analyse des politiques publiques.<\/p>\n<p class=\"yiv5404837238MsoPlainText\">Vous pouvez retrouver l&#8217;annonce ci-dessous\u00a0 :<\/p>\n<p class=\"yiv5404837238MsoPlainText\"><a href=\"http:\/\/amiens-sociologie.fr\/wp-content\/uploads\/2018\/02\/2018-Offre-de-stage-Benchmark-International.doc\">2018 Offre de stage &#8211; Benchmark International<\/a><\/p>\n<p class=\"yiv5404837238MsoPlainText\">Merci d\u2019adresser vos candidatures \u00e0 Patrick Boykin, Directeur adjoint de la Direction des affaires et relations internationales de P\u00f4le emploi &amp; Chef du d\u00e9partement Benchmark International, \u00a0<a href=\"mailto:Patrick.BOYKIN@pole-emploi.fr\" target=\"_blank\" rel=\"nofollow noopener\">Patrick.BOYKIN@pole-emploi.fr<\/a><\/p>\n","protected":false},"excerpt":{"rendered":"<p>Offre de stage de charg\u00e9-e d\u2019\u00e9tudes de niveau Master dans le domaine des Politiques de l&#8217;Emploi et du March\u00e9 du Travail au sein du d\u00e9partement Benchmark International de la Direction des Affaires et Relations Internationales de P\u00f4le Emploi. Il s\u2019agit d\u2019une offre de stage conventionn\u00e9 d\u2019une dur\u00e9e de 4 \u00e0 6 mois, pour des \u00e9tudiants &#8230; <a title=\"Offre de stage de charg\u00e9-e d\u2019\u00e9tudes niveau Master dans le domaine des Politiques de l&#8217;Emploi et du March\u00e9 du Travail au sein du d\u00e9partement Benchmark International de P\u00f4le Emploi\" class=\"read-more\" href=\"http:\/\/amiens-sociologie.fr\/index.php\/2018\/02\/06\/offre-de-stage-de-charge-e-detudes-niveau-master-dans-le-domaine-des-politiques-de-lemploi-et-du-marche-du-travail-au-sein-du-departement-benchmark-international-de-pole-emploi\/\">Read more<span class=\"screen-reader-text\">Offre de stage de charg\u00e9-e d\u2019\u00e9tudes niveau Master dans le domaine des Politiques de l&#8217;Emploi et du March\u00e9 du Travail au sein du d\u00e9partement Benchmark International de P\u00f4le Emploi<\/span><\/a><\/p>\n","protected":false},"author":12,"featured_media":0,"comment_status":"closed","ping_status":"open","sticky":false,"template":"","format":"standard","meta":[],"categories":[5,9,10,27],"tags":[],"_links":{"self":[{"href":"http:\/\/amiens-sociologie.fr\/index.php\/wp-json\/wp\/v2\/posts\/627"}],"collection":[{"href":"http:\/\/amiens-sociologie.fr\/index.php\/wp-json\/wp\/v2\/posts"}],"about":[{"href":"http:\/\/amiens-sociologie.fr\/index.php\/wp-json\/wp\/v2\/types\/post"}],"author":[{"embeddable":true,"href":"http:\/\/amiens-sociologie.fr\/index.php\/wp-json\/wp\/v2\/users\/12"}],"replies":[{"embeddable":true,"href":"http:\/\/amiens-sociologie.fr\/index.php\/wp-json\/wp\/v2\/comments?post=627"}],"version-history":[{"count":1,"href":"http:\/\/amiens-sociologie.fr\/index.php\/wp-json\/wp\/v2\/posts\/627\/revisions"}],"predecessor-version":[{"id":629,"href":"http:\/\/amiens-sociologie.fr\/index.php\/wp-json\/wp\/v2\/posts\/627\/revisions\/629"}],"wp:attachment":[{"href":"http:\/\/amiens-sociologie.fr\/index.php\/wp-json\/wp\/v2\/media?parent=627"}],"wp:term":[{"taxonomy":"category","embeddable":true,"href":"http:\/\/amiens-sociologie.fr\/index.php\/wp-json\/wp\/v2\/categories?post=627"},{"taxonomy":"post_tag","embeddable":true,"href":"http:\/\/amiens-sociologie.fr\/index.php\/wp-json\/wp\/v2\/tags?post=627"}],"curies":[{"name":"wp","href":"https:\/\/api.w.org\/{rel}","templated":true}]}}