{"id":3264,"date":"2025-06-07T12:05:39","date_gmt":"2025-06-07T11:05:39","guid":{"rendered":"http:\/\/amiens-sociologie.fr\/?p=3264"},"modified":"2025-06-07T12:05:39","modified_gmt":"2025-06-07T11:05:39","slug":"offre-de-poste-dassistant-e-de-communication-universite-de-lorraine-nancy-cdd-12-mois","status":"publish","type":"post","link":"http:\/\/amiens-sociologie.fr\/index.php\/2025\/06\/07\/offre-de-poste-dassistant-e-de-communication-universite-de-lorraine-nancy-cdd-12-mois\/","title":{"rendered":"Offre de poste d&#8217;assistant-e de communication &#8211; Universit\u00e9 de Lorraine (Nancy) &#8211; CDD 12 mois"},"content":{"rendered":"\n<p>Pour le 23 juin 2025, l&#8217;universit\u00e9 de Lorraine (site de Nancy) recrute un-e assistant-e de communication (poste de cat\u00e9gorie B) sur un CDD de 12 mois, pour une r\u00e9mun\u00e9ration brute mensuelle de 2189 euros.<\/p>\n\n\n\n<h2>A propos<\/h2>\n\n\n\n<p>Et si vous contribuiez au rayonnement d\u2019une universit\u00e9 class\u00e9e dans le top10 des universit\u00e9s fran\u00e7aises ?<\/p>\n\n\n\n<p>L\u2019Universit\u00e9 de Lorraine forme plus de 62 000 \u00e9tudiants implant\u00e9s sur des campus r\u00e9partis sur 2 m\u00e9tropoles ainsi que 10 villes et agglom\u00e9rations de son territoire. 7 000 personnels \u0153uvrent \u00e0 la r\u00e9ussite de ses missions dont 4000 personnels d\u2019enseignement et de recherche, au sein de 60 unit\u00e9s de recherche structur\u00e9es et reconnues, fonctionnant au travers d\u2019un partenariat fort avec les grands organismes de recherche (CNRS, Inserm, INRAE, Inria).<\/p>\n\n\n\n<p>L\u2019Universit\u00e9 de Lorraine place ainsi toute son \u00e9nergie au service de la production et du partage des connaissances en s\u2019appuyant sur une dynamique de recherche intensive, aussi bien fondamentale qu\u2019appliqu\u00e9e.<\/p>\n\n\n\n<p>En phase, avec les enjeux et d\u00e9fis soci\u00e9taux, l\u2019universit\u00e9 accompagne chacun dans la r\u00e9alisation de ses projets. Riche de la diversit\u00e9 de ses m\u00e9tiers et de ses parcours professionnels, l\u2019Universit\u00e9 de Lorraine vous offrira des possibilit\u00e9s de d\u00e9veloppement professionnel tout en veillant \u00e0 votre qualit\u00e9 de vie au travail.<\/p>\n\n\n\n<p>Au sein de l\u2019Universit\u00e9 de Lorraine nous partageons ensemble des valeurs communes que sont la Responsabilit\u00e9, l\u2019Universalit\u00e9, la Cr\u00e9ativit\u00e9, la R\u00e9flexivit\u00e9 et la Solidarit\u00e9, que nous pla\u00e7ons sous une banni\u00e8re commune : \u00ab faire dialoguer les savoirs, c\u2019est innover \u00bb.<\/p>\n\n\n\n<h2>Votre mission<\/h2>\n\n\n\n<p>La direction de la Communication de L&#8217;universit\u00e9 de Lorraine recrute un assistant de communication H\/F.<\/p>\n\n\n\n<p><strong>Mission 1 : Conception de la revue de presse de l\u2019Universit\u00e9 de Lorraine et gestion des abonnements presse<\/strong><\/p>\n\n\n\n<p>Concevoir quotidiennement une revue de presse qui rassemble des articles pertinents en lien avec l\u2019Universit\u00e9 de Lorraine, ses partenaires, l\u2019enseignement sup\u00e9rieur et la recherche<\/p>\n\n\n\n<p><strong>Mission 2 : Administration de la Phototh\u00e8que \u00ab&nbsp;Phraseanet&nbsp;\u00bb et missions informatives<\/strong><\/p>\n\n\n\n<p>La phototh\u00e8que a pour but de fournir un fonds photographique permettant d\u2019illustrer et de valoriser les supports d\u2019information de l\u2019\u00e9tablissement<\/p>\n\n\n\n<p><strong>Mission 3&nbsp;: Participer \u00e0 l\u2019organisation mat\u00e9rielle et logistique d\u2019\u00e9v\u00e9nements<\/strong><\/p>\n\n\n\n<h2>Le profil id\u00e9al<\/h2>\n\n\n\n<p>Personne avec bac minimum et exp\u00e9rience r\u00e9ussie sur des missions similaires.<\/p>\n\n\n\n<p><strong>COMP\u00c9TENCES LI\u00c9ES AU POSTE<\/strong><\/p>\n\n\n\n<p><strong><u>Connaissances<\/u><\/strong><\/p>\n\n\n\n<ul><li>Environnement de l\u2019enseignement sup\u00e9rieur et de la recherche<\/li><li>Fonctionnement d\u2019un service de communication institutionnelle<\/li><li>Sources d&#8217;information et techniques de veille m\u00e9diatique<\/li><li>Traitement \u00e9ditorial de l&#8217;information (synth\u00e8se, s\u00e9lection, mise en forme)<\/li><li>Outils de gestion documentaire et de phototh\u00e8que (type Phraseanet)<\/li><li>R\u00e8gles de diffusion et de droit \u00e0 l\u2019image<\/li><li>Outils bureautiques et num\u00e9riques collaboratifs (pack Office, plateformes de veille, etc.)<\/li><\/ul>\n\n\n\n<p><strong><u>Comp\u00e9tences op\u00e9rationnelles<\/u><\/strong><\/p>\n\n\n\n<ul><li>Rechercher, trier et synth\u00e9tiser des informations issues de sources vari\u00e9es<\/li><li>R\u00e9diger des contenus clairs, concis et adapt\u00e9s \u00e0 la diffusion institutionnelle<\/li><li>Utiliser des outils de veille et de gestion de l\u2019information (Europresse, alertes, plateformes sociales)<\/li><li>Administrer une base de donn\u00e9es multim\u00e9dia (phototh\u00e8que)<\/li><li>Mettre \u00e0 jour des ressources internes et suivre des demandes documentaires<\/li><li>Organiser et coordonner des t\u00e2ches logistiques li\u00e9es \u00e0 un \u00e9v\u00e9nement<\/li><li>Suivre des abonnements (commandes, \u00e9ch\u00e9ances, reconductions)<\/li><\/ul>\n\n\n\n<p><strong><u>Comp\u00e9tences relationnelles<\/u><\/strong><\/p>\n\n\n\n<ul><li>Sens de l\u2019organisation et de l\u2019anticipation<\/li><li>Rigueur et fiabilit\u00e9 dans le traitement de l&#8217;information<\/li><li>Capacit\u00e9 d\u2019adaptation et de r\u00e9activit\u00e9<\/li><li>Aisance dans le travail collaboratif et en r\u00e9seau<\/li><li>Autonomie dans la gestion des priorit\u00e9s<\/li><li>Qualit\u00e9s r\u00e9dactionnelles et esprit de synth\u00e8se<\/li><li>Sens du service et de la confidentialit\u00e9<\/li><\/ul>\n\n\n\n<p>CDD temps plein d&#8217;un an \u00e0 pourvoir dans les meilleurs d\u00e9lais.<\/p>\n\n\n\n<p>R\u00e9mun\u00e9ration : 2189 \u20acbrut mensuel.<\/p>\n\n\n\n<p>Si cette offre d&#8217;emploi vous int\u00e9resse, n&#8217;h\u00e9sitez pas \u00e0 envoyer votre candidature.<\/p>\n\n\n\n<h2>Int\u00e9ress\u00e9(e) ? Postulez d\u00e8s maintenant en ligne : https:\/\/univ-lorraine.nous-recrutons.fr\/poste\/8yzjmr8p4z-assistant-de-communication-hf\/<\/h2>\n","protected":false},"excerpt":{"rendered":"<p>Pour le 23 juin 2025, l&#8217;universit\u00e9 de Lorraine (site de Nancy) recrute un-e assistant-e de communication (poste de cat\u00e9gorie B) sur un CDD de 12 mois, pour une r\u00e9mun\u00e9ration brute mensuelle de 2189 euros. A propos Et si vous contribuiez au rayonnement d\u2019une universit\u00e9 class\u00e9e dans le top10 des universit\u00e9s fran\u00e7aises ? L\u2019Universit\u00e9 de Lorraine &#8230; <a title=\"Offre de poste d&#8217;assistant-e de communication &#8211; Universit\u00e9 de Lorraine (Nancy) &#8211; CDD 12 mois\" class=\"read-more\" href=\"http:\/\/amiens-sociologie.fr\/index.php\/2025\/06\/07\/offre-de-poste-dassistant-e-de-communication-universite-de-lorraine-nancy-cdd-12-mois\/\">Read more<span class=\"screen-reader-text\">Offre de poste d&#8217;assistant-e de communication &#8211; Universit\u00e9 de Lorraine (Nancy) &#8211; CDD 12 mois<\/span><\/a><\/p>\n","protected":false},"author":12,"featured_media":0,"comment_status":"closed","ping_status":"open","sticky":false,"template":"","format":"standard","meta":[],"categories":[27],"tags":[],"_links":{"self":[{"href":"http:\/\/amiens-sociologie.fr\/index.php\/wp-json\/wp\/v2\/posts\/3264"}],"collection":[{"href":"http:\/\/amiens-sociologie.fr\/index.php\/wp-json\/wp\/v2\/posts"}],"about":[{"href":"http:\/\/amiens-sociologie.fr\/index.php\/wp-json\/wp\/v2\/types\/post"}],"author":[{"embeddable":true,"href":"http:\/\/amiens-sociologie.fr\/index.php\/wp-json\/wp\/v2\/users\/12"}],"replies":[{"embeddable":true,"href":"http:\/\/amiens-sociologie.fr\/index.php\/wp-json\/wp\/v2\/comments?post=3264"}],"version-history":[{"count":1,"href":"http:\/\/amiens-sociologie.fr\/index.php\/wp-json\/wp\/v2\/posts\/3264\/revisions"}],"predecessor-version":[{"id":3265,"href":"http:\/\/amiens-sociologie.fr\/index.php\/wp-json\/wp\/v2\/posts\/3264\/revisions\/3265"}],"wp:attachment":[{"href":"http:\/\/amiens-sociologie.fr\/index.php\/wp-json\/wp\/v2\/media?parent=3264"}],"wp:term":[{"taxonomy":"category","embeddable":true,"href":"http:\/\/amiens-sociologie.fr\/index.php\/wp-json\/wp\/v2\/categories?post=3264"},{"taxonomy":"post_tag","embeddable":true,"href":"http:\/\/amiens-sociologie.fr\/index.php\/wp-json\/wp\/v2\/tags?post=3264"}],"curies":[{"name":"wp","href":"https:\/\/api.w.org\/{rel}","templated":true}]}}