{"id":3262,"date":"2025-06-07T11:58:32","date_gmt":"2025-06-07T10:58:32","guid":{"rendered":"http:\/\/amiens-sociologie.fr\/?p=3262"},"modified":"2025-06-07T11:58:32","modified_gmt":"2025-06-07T10:58:32","slug":"offre-demploi-technicien-ne-en-mediation-culturelle-fabulatheque-inspe-universite-de-lorraine-montigny-les-metz-cdd-12-mois-reconductible","status":"publish","type":"post","link":"http:\/\/amiens-sociologie.fr\/index.php\/2025\/06\/07\/offre-demploi-technicien-ne-en-mediation-culturelle-fabulatheque-inspe-universite-de-lorraine-montigny-les-metz-cdd-12-mois-reconductible\/","title":{"rendered":"Offre d&#8217;emploi Technicien-ne en m\u00e9diation culturelle &#8211; Fabulath\u00e8que INSPE &#8211; Universit\u00e9 de Lorraine (Montigny-l\u00e8s-Metz) &#8211; CDD 12 mois reconductible"},"content":{"rendered":"\n<p>L&#8217;universit\u00e9 de Lorraine recrute, \u00e0 compter du 1er septembre 225, un-e Technicien-ne en m\u00e9diation culturelle (poste de cat\u00e9gorie B) pour la Fabulath\u00e8que de l&#8217;INSPE, situ\u00e9e \u00e0 Montigny-l\u00e8s-Metz (pas de t\u00e9l\u00e9travail possible). Il s&#8217;agit d&#8217;un CDD d&#8217;un an reconductible, avec une r\u00e9mun\u00e9ration mensuelle brute de 2185 \u00e0 2190 euros.<\/p>\n\n\n\n<h2>A propos<\/h2>\n\n\n\n<p>L\u2019Universit\u00e9 de Lorraine forme plus de 62 000 \u00e9tudiants implant\u00e9s sur des campus r\u00e9partis sur 2 m\u00e9tropoles ainsi que 10 villes et agglom\u00e9rations de son territoire. 7 000 personnels \u0153uvrent \u00e0 la r\u00e9ussite de ses missions dont 4000 personnels d\u2019enseignement et de recherche, au sein de 60 unit\u00e9s de recherche structur\u00e9es et reconnues, fonctionnant au travers d\u2019un partenariat fort avec les grands organismes de recherche (CNRS, Inserm, INRAE, Inria).<\/p>\n\n\n\n<p>Comme les 33 Instituts r\u00e9partis sur le territoire fran\u00e7ais, l\u2019INSP\u00c9 de l\u2019Universit\u00e9 de Lorraine se voit confier la formation initiale des futurs enseignants et des personnels d\u2019\u00e9ducation de l\u2019Acad\u00e9mie de Nancy-Metz. L\u2019INSP\u00c9 de Lorraine est habilit\u00e9 \u00e0 d\u00e9livrer le dipl\u00f4me de Master des M\u00e9tiers de l\u2019Enseignement, de l\u2019\u00c9ducation et de la Formation (MEEF) qui se d\u00e9cline en quatre mentions. Il forme donc les futurs enseignants, les enseignants en poste, et aussi toute personne se destinant \u00e0 d\u2019autres m\u00e9tiers de l\u2019\u00e9ducation et de la formation ou qui souhaite d\u00e9velopper des comp\u00e9tences dans le domaine de l\u2019enseignement, de l\u2019\u00e9ducation et de la formation. L\u2019INSP\u00c9 de Lorraine contribue par ailleurs \u00e0 la formation continue de tous ces personnels (par exemple, offre de d\u00e9veloppement professionnel de la Maison pour la science et de l\u2019IREM, formations co-organis\u00e9es avec le Rectorat ou Canop\u00e9\u2026). Il participe de plus \u00e0 la formation des enseignants de l\u2019enseignement sup\u00e9rieur (avec la DACIP et les \u00e9coles doctorales). L\u2019INSP\u00c9 a aussi une mission de recherche disciplinaire et p\u00e9dagogique. Il d\u00e9veloppe enfin des actions de coop\u00e9ration internationale en \u00e9ducation.<\/p>\n\n\n\n<h2>Votre mission<\/h2>\n\n\n\n<p>L&#8217;Universit\u00e9 de Lorraine recrute pour l&#8217;INSPE de Lorraine, un-e technicien-ne en m\u00e9diation culturelle (H\/F).<\/p>\n\n\n\n<p>Poste \u00e0 pourvoir d\u00e8s que possible du 01\/09\/2025 au 31\/08\/2026, puis renouvelable par ann\u00e9es universitaires.<\/p>\n\n\n\n<p>Candidature : Transmettre CV et lettre de motivation avant le 27\/06\/2025.<\/p>\n\n\n\n<p>Le\/la technicien-ne en m\u00e9diation culturelle travaille \u00e0 la Biblioth\u00e8que Universitaire de l\u2019INSP\u00c9 de Lorraine, campus de Montigny-l\u00e8s-Metz, sp\u00e9cifiquement dans le cadre des actions men\u00e9es dans la FABULATH\u00c8QUE, espace de formation et d\u2019acculturation \u00e0 la litt\u00e9rature de jeunesse, accueillant des \u00e9tudiants, des enseignants et des classes des cycles 1, 2 et 3 de l\u2019\u00c9cole.<\/p>\n\n\n\n<p>Sous l\u2019autorit\u00e9&nbsp;hi\u00e9rarchique de la responsable du service communication &amp; culture de l&#8217;INSP\u00c9 de Lorraine, et en relation fonctionnelle avec la charg\u00e9e de mission arts &amp; culture de l&#8217;INSP\u00c9 de Lorraine et la responsable des BU de l&#8217;INSP\u00c9 de Lorraine, la technicienne ou le technicien en m\u00e9diation culturelle participe \u00e0 toutes les actions menant \u00e0 une acculturation de l\u2019\u00e9crit, sp\u00e9cifiquement en appui sur le fonds de litt\u00e9rature de jeunesse. Sa mission centrale sera de&nbsp;favoriser l\u2019acc\u00e8s \u00e0 la culture de tous.<\/p>\n\n\n\n<p>Il\/elle aura pour missions principales :<\/p>\n\n\n\n<p>\u00b7&nbsp;&nbsp;&nbsp;&nbsp;&nbsp;&nbsp;&nbsp;&nbsp; la pr\u00e9paration de la venue des classes dans la fabulath\u00e8que : prise de contact avec les partenaires et assurer le suivi du projet, planification des actions men\u00e9es \u00e0 la fabulath\u00e8que, pr\u00e9paration mat\u00e9rielle des s\u00e9ances d&#8217;accueil des classes en relation avec les formateurs et les professeurs, construction ou co-construction des supports d&#8217;apprentissage<\/p>\n\n\n\n<p>\u00b7&nbsp;&nbsp;&nbsp;&nbsp;&nbsp;&nbsp;&nbsp;&nbsp; la participation \u00e0 l&#8217;accueil des usagers et \u00e0 la mise en oeuvre des activit\u00e9s : contribution au bon encadrement des classes, contribution \u00e0 la captation audiovisuelle de certaines s\u00e9ances et au stockage des donn\u00e9es, en lien avec un technicien audiovisuel<\/p>\n\n\n\n<p>\u00b7&nbsp;&nbsp;&nbsp;&nbsp;&nbsp;&nbsp;&nbsp;&nbsp; la participation au suivi des projets : contribution aux actions de communication de la fabulath\u00e8que (site ou page web, r\u00e9seaux sociaux), contribution \u00e0 la r\u00e9daction de rapports d&#8217;activit\u00e9s conduites \u00e0 la fabulath\u00e8que<\/p>\n\n\n\n<p>\u00b7&nbsp;&nbsp;&nbsp;&nbsp;&nbsp;&nbsp;&nbsp;&nbsp; la participation aux missions transverses culture et communication en BU : contribution \u00e0 la constitution des bibliographies th\u00e9matiques en litt\u00e9rature de jeunesse en lien avec les projets de formation, contribution \u00e0 la valorisation des collections, participation \u00e0 la vie culturelle de la BU (animation d&#8217;ateliers lors des JACES, expositions)<\/p>\n\n\n\n<h2>Le profil id\u00e9al<\/h2>\n\n\n\n<p>Vous connaissez les outils et technologies de communication et de multim\u00e9dia, les outils num\u00e9riques et leurs usages.<\/p>\n\n\n\n<p>Vous avez une culture du domaine d&#8217;activit\u00e9 li\u00e9 au poste.<br>Vous connaissez la r\u00e9glementation en mati\u00e8re d&#8217;accueil des publics, d&#8217;hygi\u00e8ne et de s\u00e9curit\u00e9.<br>Vous savez planifier et respecter des d\u00e9lais, traiter de l&#8217;information.<br>Vous \u00eates \u00e0 l&#8217;aise avec l&#8217;outil informatique et \u00eates en capacit\u00e9 de vous former aux logiciels sp\u00e9cifiques li\u00e9s \u00e0 l&#8217;activit\u00e9.<\/p>\n\n\n\n<p>Vous \u00eates organis\u00e9, rigoureux, cr\u00e9atif, avez une curiosit\u00e9 intellectuelle.<br>Vous avez des aptitudes relationnelles, au dialogue, \u00e0 la communication et \u00e0 la n\u00e9gociation.<\/p>\n\n\n\n<p>Vous savez travailler aussi bien en autonomie qu&#8217;en \u00e9quipe et en r\u00e9seau (\u00e9quipe de la BU, \u00e9tudiants, enseignants, biblioth\u00e9caires, \u00e9tablissements scolaires, associations, biblioth\u00e8ques municipales).<\/p>\n\n\n\n<h2>Int\u00e9ress\u00e9(e) ? Postulez d\u00e8s maintenant en ligne : https:\/\/univ-lorraine.nous-recrutons.fr\/poste\/a1p1isdtbe-technicien-ne-en-mediation-culturelle-fabulatheque-inspe\/<\/h2>\n","protected":false},"excerpt":{"rendered":"<p>L&#8217;universit\u00e9 de Lorraine recrute, \u00e0 compter du 1er septembre 225, un-e Technicien-ne en m\u00e9diation culturelle (poste de cat\u00e9gorie B) pour la Fabulath\u00e8que de l&#8217;INSPE, situ\u00e9e \u00e0 Montigny-l\u00e8s-Metz (pas de t\u00e9l\u00e9travail possible). Il s&#8217;agit d&#8217;un CDD d&#8217;un an reconductible, avec une r\u00e9mun\u00e9ration mensuelle brute de 2185 \u00e0 2190 euros. A propos L\u2019Universit\u00e9 de Lorraine forme plus &#8230; <a title=\"Offre d&#8217;emploi Technicien-ne en m\u00e9diation culturelle &#8211; Fabulath\u00e8que INSPE &#8211; Universit\u00e9 de Lorraine (Montigny-l\u00e8s-Metz) &#8211; CDD 12 mois reconductible\" class=\"read-more\" href=\"http:\/\/amiens-sociologie.fr\/index.php\/2025\/06\/07\/offre-demploi-technicien-ne-en-mediation-culturelle-fabulatheque-inspe-universite-de-lorraine-montigny-les-metz-cdd-12-mois-reconductible\/\">Read more<span class=\"screen-reader-text\">Offre d&#8217;emploi Technicien-ne en m\u00e9diation culturelle &#8211; Fabulath\u00e8que INSPE &#8211; Universit\u00e9 de Lorraine (Montigny-l\u00e8s-Metz) &#8211; CDD 12 mois reconductible<\/span><\/a><\/p>\n","protected":false},"author":12,"featured_media":0,"comment_status":"closed","ping_status":"open","sticky":false,"template":"","format":"standard","meta":[],"categories":[5,27],"tags":[],"_links":{"self":[{"href":"http:\/\/amiens-sociologie.fr\/index.php\/wp-json\/wp\/v2\/posts\/3262"}],"collection":[{"href":"http:\/\/amiens-sociologie.fr\/index.php\/wp-json\/wp\/v2\/posts"}],"about":[{"href":"http:\/\/amiens-sociologie.fr\/index.php\/wp-json\/wp\/v2\/types\/post"}],"author":[{"embeddable":true,"href":"http:\/\/amiens-sociologie.fr\/index.php\/wp-json\/wp\/v2\/users\/12"}],"replies":[{"embeddable":true,"href":"http:\/\/amiens-sociologie.fr\/index.php\/wp-json\/wp\/v2\/comments?post=3262"}],"version-history":[{"count":1,"href":"http:\/\/amiens-sociologie.fr\/index.php\/wp-json\/wp\/v2\/posts\/3262\/revisions"}],"predecessor-version":[{"id":3263,"href":"http:\/\/amiens-sociologie.fr\/index.php\/wp-json\/wp\/v2\/posts\/3262\/revisions\/3263"}],"wp:attachment":[{"href":"http:\/\/amiens-sociologie.fr\/index.php\/wp-json\/wp\/v2\/media?parent=3262"}],"wp:term":[{"taxonomy":"category","embeddable":true,"href":"http:\/\/amiens-sociologie.fr\/index.php\/wp-json\/wp\/v2\/categories?post=3262"},{"taxonomy":"post_tag","embeddable":true,"href":"http:\/\/amiens-sociologie.fr\/index.php\/wp-json\/wp\/v2\/tags?post=3262"}],"curies":[{"name":"wp","href":"https:\/\/api.w.org\/{rel}","templated":true}]}}