{"id":3260,"date":"2025-06-07T11:51:05","date_gmt":"2025-06-07T10:51:05","guid":{"rendered":"http:\/\/amiens-sociologie.fr\/?p=3260"},"modified":"2025-06-07T11:51:05","modified_gmt":"2025-06-07T10:51:05","slug":"offre-demploi-ingenieur-e-projets-profil-junior-universite-de-lorraine-nancy-cdd-3-ans","status":"publish","type":"post","link":"http:\/\/amiens-sociologie.fr\/index.php\/2025\/06\/07\/offre-demploi-ingenieur-e-projets-profil-junior-universite-de-lorraine-nancy-cdd-3-ans\/","title":{"rendered":"Offre d&#8217;emploi Ing\u00e9nieur-e projets, profil Junior &#8211; Universit\u00e9 de Lorraine (Nancy), CDD 3 ans"},"content":{"rendered":"\n<p>A compter du 1er septembre 2025, l&#8217;Universit\u00e9 de Lorraine (site de Nancy), recrute pour 3 ans en CDD un-e ing\u00e9nieur-e projets, profil junior (poste de cat\u00e9gorie A), avec t\u00e9l\u00e9travail possible, pour une r\u00e9mun\u00e9ration brute mensuelle de 2420 euros.<\/p>\n\n\n\n<h2>A propos<\/h2>\n\n\n\n<p>L\u2019Universit\u00e9 de Lorraine forme plus de 62 000 \u00e9tudiants implant\u00e9s sur des campus r\u00e9partis sur 2 m\u00e9tropoles ainsi que 10 villes et agglom\u00e9rations de son territoire. 7 000 personnels \u0153uvrent \u00e0 la r\u00e9ussite de ses missions dont 4000 personnels d\u2019enseignement et de recherche, au sein de 60 unit\u00e9s de recherche structur\u00e9es et reconnues, fonctionnant au travers d\u2019un partenariat fort avec les grands organismes de recherche (CNRS, Inserm, INRAE, Inria).<\/p>\n\n\n\n<h2>Votre mission<\/h2>\n\n\n\n<p>Vous int\u00e9grerez une \u00e9quipe d&#8217;ing\u00e9nieurs projets au sein de la Direction d\u2019ing\u00e9nierie de Projets et de la Strat\u00e9gie Europe (DIPRO-SE). Elle appuie la <strong>strat\u00e9gie Europe du site lorrain <\/strong>avec les partenaires EPST et accompagne les porteurs de l\u2019Universit\u00e9 de Lorraine dans le montage et la gestion de leurs <strong>projets europ\u00e9ens et nationaux (ANR) <\/strong>ainsi que l\u2019\u00e9tablissement pour les <strong>projets strat\u00e9giques<\/strong>.<\/p>\n\n\n\n<p><strong>Mission 1 : Participer \u00e0 la mise en \u0153uvre de la strat\u00e9gie ANR de l\u2019\u00e9tablissement<\/strong><\/p>\n\n\n\n<p>Dans le cadre du Contrat d&#8217;Objectifs, de Moyens et de Performance, l\u2019Universit\u00e9 de Lorraine met en place une d\u00e9marche intitul\u00e9e \u00ab Marche+ \u00bb visant \u00e0 augmenter le taux de succ\u00e8s \u00e0 l\u2019AAP g\u00e9n\u00e9rique de l\u2019ANR. Pour cela, votre r\u00f4le consistera \u00e0<\/p>\n\n\n\n<ul><li>Contribuer \u00e0 la mise \u00e0 jour du plan d\u2019action Marche+ dans le cadre d\u2019une d\u00e9marche d\u2019am\u00e9lioration<\/li><\/ul>\n\n\n\n<p>continue<\/p>\n\n\n\n<ul><li>Contribuer \u00e0 la mise en place des indicateurs n\u00e9cessaires \u00e0 l\u2019\u00e9valuation de Marche+<\/li><li>Rendre compte r\u00e9guli\u00e8rement des avanc\u00e9es des accompagnements individuels et collectifs \u00e0 la sous- directrice de la S-DIPRO<\/li><li>Contribuer \u00e0 la r\u00e9daction de rapports de suivi et d\u2019\u00e9valuation de la d\u00e9marche Marche +<\/li><\/ul>\n\n\n\n<p><strong>Mission 2 : Accompagnement administratif et financier des d\u00e9p\u00f4ts de projets ANR et suivi de leur mise en \u0153uvre<\/strong><\/p>\n\n\n\n<p><strong>Mission 3 : Accompagnement individualis\u00e9e d\u2019enseignants-chercheurs visant le d\u00e9p\u00f4t d\u2019un projet ANR encoordination (Marche+). Cette mission sera effective apr\u00e8s minimum un an de formation-acculturation. <\/strong>Vous contribuerez \u00e0 la mise en place, la diffusion et l\u2019analyse de l\u2019appel \u00e0 manifestations d\u2019int\u00e9r\u00eat Marche+, en lien avec le Conseil scientifique. Vous&nbsp; conseillerez et accompagnerez les porteurs dans la pr\u00e9paration et la soumission de leurs r\u00e9ponses aux appels \u00e0 projets ANR. Vous assurerez une assistance m\u00e9thodologique (y compris \u00e0 l\u2019\u00e9chelle du consortium) et apporterez des conseils aux porteurs (aide \u00e0 la recherche de partenaires, structuration du projet, analyse de l\u2019appel \u00e0 projet, montage budg\u00e9taire\u2026) en lien avec l\u2019offre de service. Vous fournirez un soutien technique et administratif tout au long du processus.<\/p>\n\n\n\n<p>Vous suivrez les projets dans leur mise en oeuvre, en lien avec les autres Directions.<\/p>\n\n\n\n<p><strong>Mission 4 : Concevoir, organiser et animer des sessions de formations collectives sur les dispositifs ANR, leurs sp\u00e9cificit\u00e9s et les meilleures pratiques pour y r\u00e9pondre.<\/strong><\/p>\n\n\n\n<p><strong>Mission 5 : Participer \u00e0 la promotion des projets. <\/strong>Vous participerez \u00e0 l\u2019\u00e9laboration et \u00e0 la mise en \u0153uvre du plan de communication de la S-DIPRO (communications en interne et en externe) en lien avec la direction de la communication. Vous contribuerez au d\u00e9veloppement d&#8217;un r\u00e9seau professionnel.<\/p>\n\n\n\n<p><br>CDD de 3 ans \u00e0 compter de septembre 2025.<\/p>\n\n\n\n<p>Possibilit\u00e9 de t\u00e9l\u00e9travail.<\/p>\n\n\n\n<h2>Le profil id\u00e9al<\/h2>\n\n\n\n<p>Vous maitrisez les principaux outils et m\u00e9thodes de montage et de gestion de projet. Vous avez connaissance des r\u00e8gles juridiques, administratives et financi\u00e8res d&#8217;un \u00e9tablissement public, des missions des universit\u00e9s. Vous devez \u00e9galement connaitre les modalit\u00e9s et principes g\u00e9n\u00e9raux de fonctionnement et d\u2019\u00e9valuation des appels \u00e0 projet.<\/p>\n\n\n\n<p>Organis\u00e9(e) et rigoureux(euse), vous \u00eates capable de travailler dans un environnement contraint (d\u00e9lais, enjeux). Vos qualit\u00e9s relationnelles vous permettront de vous int\u00e9grer facilement au sein de l\u2019\u00e9quipe et de communiquer ais\u00e9ment avec les diff\u00e9rents interlocuteurs.<\/p>\n\n\n\n<p>Le poste requi\u00e8re des comp\u00e9tences r\u00e9dactionnelles et une maitrise de l\u2019anglais (niveau B2 minimum).<\/p>\n\n\n\n<p>Niveau de dipl\u00f4me requis : Bac +3 \u00e0 Bac+5<\/p>\n\n\n\n<h2>Int\u00e9ress\u00e9(e) ? Postulez d\u00e8s maintenant en ligne : https:\/\/univ-lorraine.nous-recrutons.fr\/poste\/jd7wxbaevh-ingenieure-projets-fh-profil-junior\/<\/h2>\n","protected":false},"excerpt":{"rendered":"<p>A compter du 1er septembre 2025, l&#8217;Universit\u00e9 de Lorraine (site de Nancy), recrute pour 3 ans en CDD un-e ing\u00e9nieur-e projets, profil junior (poste de cat\u00e9gorie A), avec t\u00e9l\u00e9travail possible, pour une r\u00e9mun\u00e9ration brute mensuelle de 2420 euros. A propos L\u2019Universit\u00e9 de Lorraine forme plus de 62 000 \u00e9tudiants implant\u00e9s sur des campus r\u00e9partis sur &#8230; <a title=\"Offre d&#8217;emploi Ing\u00e9nieur-e projets, profil Junior &#8211; Universit\u00e9 de Lorraine (Nancy), CDD 3 ans\" class=\"read-more\" href=\"http:\/\/amiens-sociologie.fr\/index.php\/2025\/06\/07\/offre-demploi-ingenieur-e-projets-profil-junior-universite-de-lorraine-nancy-cdd-3-ans\/\">Read more<span class=\"screen-reader-text\">Offre d&#8217;emploi Ing\u00e9nieur-e projets, profil Junior &#8211; Universit\u00e9 de Lorraine (Nancy), CDD 3 ans<\/span><\/a><\/p>\n","protected":false},"author":12,"featured_media":0,"comment_status":"closed","ping_status":"open","sticky":false,"template":"","format":"standard","meta":[],"categories":[27],"tags":[],"_links":{"self":[{"href":"http:\/\/amiens-sociologie.fr\/index.php\/wp-json\/wp\/v2\/posts\/3260"}],"collection":[{"href":"http:\/\/amiens-sociologie.fr\/index.php\/wp-json\/wp\/v2\/posts"}],"about":[{"href":"http:\/\/amiens-sociologie.fr\/index.php\/wp-json\/wp\/v2\/types\/post"}],"author":[{"embeddable":true,"href":"http:\/\/amiens-sociologie.fr\/index.php\/wp-json\/wp\/v2\/users\/12"}],"replies":[{"embeddable":true,"href":"http:\/\/amiens-sociologie.fr\/index.php\/wp-json\/wp\/v2\/comments?post=3260"}],"version-history":[{"count":1,"href":"http:\/\/amiens-sociologie.fr\/index.php\/wp-json\/wp\/v2\/posts\/3260\/revisions"}],"predecessor-version":[{"id":3261,"href":"http:\/\/amiens-sociologie.fr\/index.php\/wp-json\/wp\/v2\/posts\/3260\/revisions\/3261"}],"wp:attachment":[{"href":"http:\/\/amiens-sociologie.fr\/index.php\/wp-json\/wp\/v2\/media?parent=3260"}],"wp:term":[{"taxonomy":"category","embeddable":true,"href":"http:\/\/amiens-sociologie.fr\/index.php\/wp-json\/wp\/v2\/categories?post=3260"},{"taxonomy":"post_tag","embeddable":true,"href":"http:\/\/amiens-sociologie.fr\/index.php\/wp-json\/wp\/v2\/tags?post=3260"}],"curies":[{"name":"wp","href":"https:\/\/api.w.org\/{rel}","templated":true}]}}