{"id":3196,"date":"2024-12-10T15:09:40","date_gmt":"2024-12-10T14:09:40","guid":{"rendered":"http:\/\/amiens-sociologie.fr\/?p=3196"},"modified":"2024-12-10T15:09:40","modified_gmt":"2024-12-10T14:09:40","slug":"poste-au-safran-amiens-charge-e-des-relations-aux-publics-h-f-2","status":"publish","type":"post","link":"http:\/\/amiens-sociologie.fr\/index.php\/2024\/12\/10\/poste-au-safran-amiens-charge-e-des-relations-aux-publics-h-f-2\/","title":{"rendered":"Poste au SAFRAN &#8211; Amiens Charg\u00e9-e des Relations aux Publics (H\/F)"},"content":{"rendered":"\n<p>Du 02.12.2024 au 05.01.2025<\/p>\n\n\n\n<p><strong>1 Charg\u00e9 des Relations aux Publics<\/strong><\/p>\n\n\n\n<p><strong>Enfance, Jeunesse, Soin et Handicap (H\/F)<\/strong><\/p>\n\n\n\n<p>Sur le grade d\u2019Animateur (R\u00e9f. <strong><u>5075<\/u><\/strong>)<\/p>\n\n\n\n<figure class=\"wp-block-table\"><table><tbody><tr><td><strong>MISSIONS<\/strong><\/td><\/tr><\/tbody><\/table><\/figure>\n\n\n\n<p><strong>Sous la responsabilit\u00e9 de la Secr\u00e9taire G\u00e9n\u00e9rale et \u00e0 partir du projet du SAFRAN, vous mettez en \u0153uvre les strat\u00e9gies de relations et de m\u00e9diation avec les publics et les structures du territoire. Vous d\u00e9veloppez les strat\u00e9gies d\u2019accueil du public avec pour objectif la rencontre entre les habitants et les artistes ou les \u0153uvres dans un souci d\u2019ouverture et de convivialit\u00e9.<\/strong><\/p>\n\n\n\n<p><em>A ce titre, vos missions sont les suivantes&nbsp;:<\/em><\/p>\n\n\n\n<p><strong><u>Rechercher et fid\u00e9liser de nouveaux publics :<\/u><\/strong><\/p>\n\n\n\n<p>&#8211;&nbsp;&nbsp;&nbsp;&nbsp;&nbsp;&nbsp;&nbsp;&nbsp; Vous <strong>pr\u00e9parez, mettez en \u0153uvre et accompagnez la politique de relations publiques<\/strong> avec les habitants, les op\u00e9rateurs de proximit\u00e9 et le public individuel en particulier aupr\u00e8s <strong>des adh\u00e9rents<\/strong> <strong>enfants<\/strong> <strong>du Safran, des champs de la toute petite enfance, de l\u2019enfance, de la jeunesse, du soin<\/strong> (structures m\u00e9dico-sociales), <strong>du handicap<\/strong><\/p>\n\n\n\n<p>&#8211;&nbsp;&nbsp;&nbsp;&nbsp;&nbsp;&nbsp;&nbsp;&nbsp; Vous <strong>accueillez les personnes qui fr\u00e9quentent le lieu<\/strong> dans le cadre d\u2019une activit\u00e9 ou non et \u00eates \u00e0 l\u2019\u00e9coute<\/p>\n\n\n\n<p>&#8211;&nbsp;&nbsp;&nbsp;&nbsp;&nbsp;&nbsp;&nbsp;&nbsp; Vous veillez \u00e0 <strong>conqu\u00e9rir de nouveaux publics<\/strong> pour faciliter l\u2019acc\u00e8s \u00e0 la culture et aux pratiques artistiques<\/p>\n\n\n\n<p>&#8211;&nbsp;&nbsp;&nbsp;&nbsp;&nbsp;&nbsp;&nbsp;&nbsp; Vous <strong>impulsez une dynamique<\/strong> conduisant les personnes \u00e0 \u00eatre partie prenante du projet<\/p>\n\n\n\n<p>&#8211;&nbsp;&nbsp;&nbsp;&nbsp;&nbsp;&nbsp;&nbsp;&nbsp; Vous d\u00e9veloppez et coordonnez des <strong>actions de sensibilisation<\/strong> autour des spectacles et r\u00e9sidences avec les diff\u00e9rents partenaires sur le territoire et autres activit\u00e9s cr\u00e9ant du lien social (rencontres, ateliers\u2026)<\/p>\n\n\n\n<p>&#8211;&nbsp;&nbsp;&nbsp;&nbsp;&nbsp;&nbsp;&nbsp;&nbsp; Vous prenez en compte <strong>la vie du quartier<\/strong> et <strong>repr\u00e9sentez le Safran<\/strong> lors des \u00e9v\u00e8nements<\/p>\n\n\n\n<p><strong><u>Cr\u00e9er et mener des activit\u00e9s de m\u00e9diation :<\/u><\/strong><\/p>\n\n\n\n<p>&#8211;&nbsp;&nbsp;&nbsp;&nbsp;&nbsp;&nbsp;&nbsp;&nbsp; Vous <strong>assimilez l\u2019univers artistique et culturel de la saison, vous connaissez <\/strong>les spectacles, leurs univers et&nbsp; <strong>pr\u00e9parez des supports de m\u00e9diation<\/strong> adapt\u00e9s aux publics cibl\u00e9s<\/p>\n\n\n\n<p>&#8211;&nbsp;&nbsp;&nbsp;&nbsp;&nbsp;&nbsp;&nbsp;&nbsp; Vous <strong>organisez la diffusion sp\u00e9cifique de l\u2019information<\/strong>&nbsp; avec la charg\u00e9e de communication<\/p>\n\n\n\n<p>&#8211;&nbsp;&nbsp;&nbsp;&nbsp;&nbsp;&nbsp;&nbsp;&nbsp; A partir du projet du Safran, vous <strong>imaginez et proposez des actions innovantes<\/strong> d\u2019Education Artistique et Culturelle. Vous <strong>pr\u00e9sentez la saison<\/strong>, les spectacles, les activit\u00e9s, les visites d\u2019exposition<\/p>\n\n\n\n<p>&#8211;&nbsp;&nbsp;&nbsp;&nbsp;&nbsp;&nbsp;&nbsp;&nbsp; Vous <strong>mettez en place les conditions de rencontre<\/strong> entre le public et l\u2019\u0153uvre<\/p>\n\n\n\n<p>&#8211;&nbsp;&nbsp;&nbsp;&nbsp;&nbsp;&nbsp;&nbsp;&nbsp; Vous ai<strong>dez aux choix <\/strong>des spectacles et des visites d\u2019expositions, des abonnements avec les diff\u00e9rents partenaires<\/p>\n\n\n\n<p>&#8211;&nbsp;&nbsp;&nbsp;&nbsp;&nbsp;&nbsp;&nbsp;&nbsp; Vous <strong>coordonnez et suivrez l&#8217;activit\u00e9<\/strong> des diff\u00e9rents intervenants artistiques et culturels dans le b\u00e2timent et \u00e0 l\u2019ext\u00e9rieur<\/p>\n\n\n\n<p>&#8211;&nbsp;&nbsp;&nbsp;&nbsp;&nbsp;&nbsp;&nbsp;&nbsp; Vous accompagnez les restitutions d&#8217;ateliers et <strong>\u00eates le r\u00e9f\u00e9rent des adh\u00e9rents enfants du Safran<\/strong><\/p>\n\n\n\n<p><strong><u>Piloter des projets :<\/u><\/strong><\/p>\n\n\n\n<p>&#8211;&nbsp;&nbsp;&nbsp;&nbsp;&nbsp;&nbsp;&nbsp;&nbsp; Vous pilotez, <strong>\u00e9laborez un temps fort et\/ou un projet artistique<\/strong> incluant la participation d\u2019habitants, en coh\u00e9rence du projet artistique, culturel et territorial du Safran et en lien avec les coll\u00e8gues<\/p>\n\n\n\n<p><strong><u>Collaborer de mani\u00e8re \u00e9troite avec les professeurs du centre d\u2019art<\/u><\/strong><\/p>\n\n\n\n<p>&#8211;&nbsp;&nbsp;&nbsp;&nbsp;&nbsp;&nbsp;&nbsp;&nbsp; Vous <strong>g\u00e9rez le planning des actions d\u2019Education Artistique et Culturelle<\/strong> du centre d\u2019art.<\/p>\n\n\n\n<p>&#8211;&nbsp;&nbsp;&nbsp;&nbsp;&nbsp;&nbsp;&nbsp;&nbsp; Vous <strong>organisez le planning des salles<\/strong> en \u00e9troite collaboration avec les autres charg\u00e9es des relations publiques.<\/p>\n\n\n\n<p>&#8211;&nbsp;&nbsp;&nbsp;&nbsp;&nbsp;&nbsp;&nbsp;&nbsp; Vous <strong>g\u00e9rez le suivi des activit\u00e9s et leurs restitutions<\/strong><\/p>\n\n\n\n<p><strong><u>Mener des activit\u00e9s diverses&nbsp;:<\/u><\/strong><\/p>\n\n\n\n<p>&#8211;&nbsp;&nbsp;&nbsp;&nbsp;&nbsp;&nbsp;&nbsp;&nbsp; Vous construisez les actions en transversalit\u00e9 avec les autres charg\u00e9es de relations aux publics et les \u00e9quipes diversifi\u00e9es du Safran<\/p>\n\n\n\n<p>&#8211;&nbsp;&nbsp;&nbsp;&nbsp;&nbsp;&nbsp;&nbsp;&nbsp; Vous contribuez au <strong>bilan d\u2019activit\u00e9s chiffr\u00e9<\/strong> et <strong>argumentez permettant de mesurer les actions<\/strong> mises en place<\/p>\n\n\n\n<p>&#8211;&nbsp;&nbsp;&nbsp;&nbsp;&nbsp;&nbsp;&nbsp;&nbsp; Vous <strong>maitrisez le logiciel billetterie<\/strong> pour le suivi des r\u00e9servations en lien avec le responsable billetterie<\/p>\n\n\n\n<p>&#8211;&nbsp;&nbsp;&nbsp;&nbsp;&nbsp;&nbsp;&nbsp;&nbsp; Vous <strong>participez \u00e0 la prospection de propositions artistiques<\/strong> dans le cadre des programmations futures (veille, sorties).<\/p>\n\n\n\n<p>&#8211;&nbsp;&nbsp;&nbsp;&nbsp;&nbsp;&nbsp;&nbsp;&nbsp; Vous accueillez occasionnellement les compagnies en r\u00e9sidence<\/p>\n\n\n\n<figure class=\"wp-block-table\"><table><tbody><tr><td><strong>CONDITIONS D\u2019EXERCICE<\/strong><\/td><\/tr><\/tbody><\/table><\/figure>\n\n\n\n<p>Emploi du temps modulable&nbsp;: Travail fr\u00e9quent en soir\u00e9e et weekend \/ D\u00e9placements (Permis B)<\/p>\n\n\n\n<figure class=\"wp-block-table\"><table><tbody><tr><td><strong>PROFIL ATTENDU<\/strong><\/td><\/tr><\/tbody><\/table><\/figure>\n\n\n\n<p>Vous poss\u00e9dez le Permis B et vous \u00eates titulaire \u00e0 minima d\u2019un <strong>BAC. Un dipl\u00f4me sup\u00e9rieur dans le <\/strong>domaine<strong>&nbsp;de l\u2019art et la culture <\/strong>est souhait\u00e9.<\/p>\n\n\n\n<p>Vous disposez d\u2019une app\u00e9tence pour le domaine de la culture et de l\u2019art. Vous <strong>ma\u00eetrisez la m\u00e9thodologie de projet <\/strong>et les<strong>&nbsp;outils informatiques<\/strong>.<\/p>\n\n\n\n<p>Avoir connaissance des acteurs culturels du territoire est un atout pour votre candidature<\/p>\n\n\n\n<p>Justifier d\u2019une <strong>exp\u00e9rience<\/strong> en m\u00e9diation culturelle dans le domaine des arts vivants est demand\u00e9e. Une exp\u00e9rience en collectivit\u00e9 ou dans les services de l\u2019Etat sera appr\u00e9ci\u00e9e<\/p>\n\n\n\n<p><strong>Autonome<\/strong> et <strong>cr\u00e9atif<\/strong> vous \u00eates <strong>force de proposition. <\/strong>Reconnu pour vos<strong>&nbsp;qualit\u00e9s relationnelles <\/strong>vous \u00eates en mesure de <strong>prendre la parole en public<\/strong> et appr\u00e9ciez le<strong>&nbsp;travail en \u00e9quipe.<\/strong> Vous disposez de bonnes<strong>&nbsp;capacit\u00e9s r\u00e9dactionnelles et de synth\u00e8se<\/strong><\/p>\n\n\n\n<p><strong>Recrutement par voie statutaire (titulaires, laur\u00e9ats de concours) ou \u00e0 d\u00e9faut par voie contractuelle<\/strong><\/p>\n\n\n\n<p><em>La communaut\u00e9 d&#8217;agglom\u00e9ration d&#8217;Amiens M\u00e9tropole souhaite participer \u00e0 l&#8217;effort national d&#8217;insertion<\/em><br><em>en milieu professionnel des personnes handicap\u00e9es : cette offre est handi-accessible<\/em><\/p>\n\n\n\n<p>Pour tout renseignement, vous pouvez contacter le Charg\u00e9 de D\u00e9veloppement RH r\u00e9f\u00e9rent du dossier par t\u00e9l\u00e9phone au 03.22.97.15.58.<\/p>\n\n\n\n<p>Pour postuler, veuillez compl\u00e9ter votre dossier de candidature (en rappelant la r\u00e9f\u00e9rence <strong><u>5075<\/u><\/strong>) sur le site <a href=\"http:\/\/www.amiens.fr\/\">www.amiens.fr<\/a> (Rubrique Vivre \u00e0 Amiens \u2192 Emploi \u2192 Nos offres d\u2019emplois), <strong>avant le 05\/01\/2025<\/strong>.<\/p>\n\n\n\n<p>Lien pour postuler : https:\/\/www.amiens.fr\/Institutions\/Nos-offres-d-emploi\/Offres\/B\/5075<\/p>\n\n\n\n<div class=\"wp-block-file\"><a href=\"http:\/\/amiens-sociologie.fr\/wp-content\/uploads\/2024\/12\/offre_5075.pdf\">offre_5075<\/a><a href=\"http:\/\/amiens-sociologie.fr\/wp-content\/uploads\/2024\/12\/offre_5075.pdf\" class=\"wp-block-file__button\" download>Download<\/a><\/div>\n","protected":false},"excerpt":{"rendered":"<p>Du 02.12.2024 au 05.01.2025 1 Charg\u00e9 des Relations aux Publics Enfance, Jeunesse, Soin et Handicap (H\/F) Sur le grade d\u2019Animateur (R\u00e9f. 5075) MISSIONS Sous la responsabilit\u00e9 de la Secr\u00e9taire G\u00e9n\u00e9rale et \u00e0 partir du projet du SAFRAN, vous mettez en \u0153uvre les strat\u00e9gies de relations et de m\u00e9diation avec les publics et les structures du &#8230; <a title=\"Poste au SAFRAN &#8211; Amiens Charg\u00e9-e des Relations aux Publics (H\/F)\" class=\"read-more\" href=\"http:\/\/amiens-sociologie.fr\/index.php\/2024\/12\/10\/poste-au-safran-amiens-charge-e-des-relations-aux-publics-h-f-2\/\">Read more<span class=\"screen-reader-text\">Poste au SAFRAN &#8211; Amiens Charg\u00e9-e des Relations aux Publics (H\/F)<\/span><\/a><\/p>\n","protected":false},"author":12,"featured_media":0,"comment_status":"closed","ping_status":"open","sticky":false,"template":"","format":"standard","meta":[],"categories":[1],"tags":[],"_links":{"self":[{"href":"http:\/\/amiens-sociologie.fr\/index.php\/wp-json\/wp\/v2\/posts\/3196"}],"collection":[{"href":"http:\/\/amiens-sociologie.fr\/index.php\/wp-json\/wp\/v2\/posts"}],"about":[{"href":"http:\/\/amiens-sociologie.fr\/index.php\/wp-json\/wp\/v2\/types\/post"}],"author":[{"embeddable":true,"href":"http:\/\/amiens-sociologie.fr\/index.php\/wp-json\/wp\/v2\/users\/12"}],"replies":[{"embeddable":true,"href":"http:\/\/amiens-sociologie.fr\/index.php\/wp-json\/wp\/v2\/comments?post=3196"}],"version-history":[{"count":1,"href":"http:\/\/amiens-sociologie.fr\/index.php\/wp-json\/wp\/v2\/posts\/3196\/revisions"}],"predecessor-version":[{"id":3198,"href":"http:\/\/amiens-sociologie.fr\/index.php\/wp-json\/wp\/v2\/posts\/3196\/revisions\/3198"}],"wp:attachment":[{"href":"http:\/\/amiens-sociologie.fr\/index.php\/wp-json\/wp\/v2\/media?parent=3196"}],"wp:term":[{"taxonomy":"category","embeddable":true,"href":"http:\/\/amiens-sociologie.fr\/index.php\/wp-json\/wp\/v2\/categories?post=3196"},{"taxonomy":"post_tag","embeddable":true,"href":"http:\/\/amiens-sociologie.fr\/index.php\/wp-json\/wp\/v2\/tags?post=3196"}],"curies":[{"name":"wp","href":"https:\/\/api.w.org\/{rel}","templated":true}]}}