{"id":3185,"date":"2024-12-02T12:40:20","date_gmt":"2024-12-02T11:40:20","guid":{"rendered":"http:\/\/amiens-sociologie.fr\/?p=3185"},"modified":"2024-12-02T12:40:20","modified_gmt":"2024-12-02T11:40:20","slug":"offre-de-stage-construction-du-plan-degalite-des-genres-pour-lensemble-hospitalier-de-linstitut-curie-niveau-m1-ou-m2","status":"publish","type":"post","link":"http:\/\/amiens-sociologie.fr\/index.php\/2024\/12\/02\/offre-de-stage-construction-du-plan-degalite-des-genres-pour-lensemble-hospitalier-de-linstitut-curie-niveau-m1-ou-m2\/","title":{"rendered":"Offre de stage : Construction du Plan d\u2019\u00e9galit\u00e9 des genres pour l\u2019Ensemble Hospitalier de l\u2019Institut Curie &#8211; Niveau M1 ou M2"},"content":{"rendered":"\n<p>Proposition de stage \u00e0 l\u2019Institut Curie, H\u00f4pital site de Saint-Cloud avec interventions sur le site de Paris (4 \u00e0 6 mois, temps plein ; prise de poste d\u00e8s que possible).<\/p>\n\n\n\n<p>L\u2019Institut Curie est fortement engag\u00e9 en faveur de l\u2019\u00e9galit\u00e9 des sexes, de la diversit\u00e9 et de l\u2019inclusion au sein de l\u2019organisation. Cette approche est ancr\u00e9e dans notre histoire, notre culture et notre identit\u00e9 et s\u2019\u00e9tend \u00e0 la prise en compte du genre dans les recherches men\u00e9es \u00e0 l\u2019Institut. Elle s\u2019appuie sur les \u00e9volutions r\u00e9centes du droit du travail pour la responsabilit\u00e9 soci\u00e9tale des entreprises. Pour soutenir notre approche, nous souhaitons \u00e9laborer un plan complet et concret pour l\u2019\u00e9galit\u00e9 des genres, la diversit\u00e9 et l\u2019inclusion (GEDIP), qui est \u00e9galement une condition d\u2019\u00e9ligibilit\u00e9 aux financements de recherche d\u2019Horizon Europe et qui nous permettra de renforcer une culture du soin et de la recherche \u00e9quitable et inclusive.<\/p>\n\n\n\n<p>Profil\u00a0: Master 1, M2, fin d\u2019\u00e9cole. Bon relationnel, esprit de synth\u00e8se, rigueur. Connaissance du syst\u00e8me de soin, de la sant\u00e9 serait un plus.<\/p>\n\n\n\n<p>Si vous \u00eates int\u00e9ress\u00e9(e), merci d\u2019adresser votre candidature \u00e0\u00a0<a href=\"mailto:cyrine.ezzili@curie.fr\">cyrine.ezzili@curie.fr<\/a>.<\/p>\n\n\n\n<p>Fiche de poste ci-dessous :<\/p>\n\n\n\n<div class=\"wp-block-file\"><a href=\"http:\/\/amiens-sociologie.fr\/wp-content\/uploads\/2024\/12\/annonce-stagiaire-20082024.odt\">annonce-stagiaire-20082024<\/a><a href=\"http:\/\/amiens-sociologie.fr\/wp-content\/uploads\/2024\/12\/annonce-stagiaire-20082024.odt\" class=\"wp-block-file__button\" download>Download<\/a><\/div>\n","protected":false},"excerpt":{"rendered":"<p>Proposition de stage \u00e0 l\u2019Institut Curie, H\u00f4pital site de Saint-Cloud avec interventions sur le site de Paris (4 \u00e0 6 mois, temps plein ; prise de poste d\u00e8s que possible). L\u2019Institut Curie est fortement engag\u00e9 en faveur de l\u2019\u00e9galit\u00e9 des sexes, de la diversit\u00e9 et de l\u2019inclusion au sein de l\u2019organisation. Cette approche est ancr\u00e9e &#8230; <a title=\"Offre de stage : Construction du Plan d\u2019\u00e9galit\u00e9 des genres pour l\u2019Ensemble Hospitalier de l\u2019Institut Curie &#8211; Niveau M1 ou M2\" class=\"read-more\" href=\"http:\/\/amiens-sociologie.fr\/index.php\/2024\/12\/02\/offre-de-stage-construction-du-plan-degalite-des-genres-pour-lensemble-hospitalier-de-linstitut-curie-niveau-m1-ou-m2\/\">Read more<span class=\"screen-reader-text\">Offre de stage : Construction du Plan d\u2019\u00e9galit\u00e9 des genres pour l\u2019Ensemble Hospitalier de l\u2019Institut Curie &#8211; Niveau M1 ou M2<\/span><\/a><\/p>\n","protected":false},"author":12,"featured_media":0,"comment_status":"closed","ping_status":"open","sticky":false,"template":"","format":"standard","meta":[],"categories":[5,14,27,16],"tags":[],"_links":{"self":[{"href":"http:\/\/amiens-sociologie.fr\/index.php\/wp-json\/wp\/v2\/posts\/3185"}],"collection":[{"href":"http:\/\/amiens-sociologie.fr\/index.php\/wp-json\/wp\/v2\/posts"}],"about":[{"href":"http:\/\/amiens-sociologie.fr\/index.php\/wp-json\/wp\/v2\/types\/post"}],"author":[{"embeddable":true,"href":"http:\/\/amiens-sociologie.fr\/index.php\/wp-json\/wp\/v2\/users\/12"}],"replies":[{"embeddable":true,"href":"http:\/\/amiens-sociologie.fr\/index.php\/wp-json\/wp\/v2\/comments?post=3185"}],"version-history":[{"count":1,"href":"http:\/\/amiens-sociologie.fr\/index.php\/wp-json\/wp\/v2\/posts\/3185\/revisions"}],"predecessor-version":[{"id":3187,"href":"http:\/\/amiens-sociologie.fr\/index.php\/wp-json\/wp\/v2\/posts\/3185\/revisions\/3187"}],"wp:attachment":[{"href":"http:\/\/amiens-sociologie.fr\/index.php\/wp-json\/wp\/v2\/media?parent=3185"}],"wp:term":[{"taxonomy":"category","embeddable":true,"href":"http:\/\/amiens-sociologie.fr\/index.php\/wp-json\/wp\/v2\/categories?post=3185"},{"taxonomy":"post_tag","embeddable":true,"href":"http:\/\/amiens-sociologie.fr\/index.php\/wp-json\/wp\/v2\/tags?post=3185"}],"curies":[{"name":"wp","href":"https:\/\/api.w.org\/{rel}","templated":true}]}}