{"id":3088,"date":"2023-10-26T14:22:05","date_gmt":"2023-10-26T13:22:05","guid":{"rendered":"http:\/\/amiens-sociologie.fr\/?p=3088"},"modified":"2023-10-26T14:22:05","modified_gmt":"2023-10-26T13:22:05","slug":"proposition-de-stage-m2-enquete-ethnographique-dans-des-bains-douches-ile-de-france","status":"publish","type":"post","link":"http:\/\/amiens-sociologie.fr\/index.php\/2023\/10\/26\/proposition-de-stage-m2-enquete-ethnographique-dans-des-bains-douches-ile-de-france\/","title":{"rendered":"Proposition de Stage M2 &#8211; Enqu\u00eate ethnographique dans des bains-douches &#8211; Ile-de-France"},"content":{"rendered":"\n<p>L&#8217;\u00e9quipe de la recherche Thermapolis (<a rel=\"noreferrer noopener\" target=\"_blank\" href=\"https:\/\/thermapolis.hypotheses.org\/\">https:\/\/thermapolis.hypotheses.org\/<\/a>) propose un stage de recherche de 4 mois destin\u00e9 \u00e0 un.e \u00e9tudiant.e de M2 dans le domaine des sciences sociales et des techniques d\u2019enqu\u00eate de terrain.<\/p>\n\n\n\n<p>L\u2019\u00e9tudiant.e sera int\u00e9gr\u00e9e \u00e0 l\u2019\u00e9quipe de recherche, participera aux r\u00e9unions et aux \u00e9v\u00e8nements scientifiques organis\u00e9s sur la p\u00e9riode du stage. Son \u00e9tude proposera sur <strong>une ethnographie crois\u00e9e de deux \u00e9tablissements de bains-douches<\/strong>&nbsp;: un \u00e9tablissement historique de la ville de Paris, le bain-douche du boulevard Ney, et le nouveau bain-douche de la ville de Saint-Denis, situ\u00e9 \u00e0 2,5 km. L\u2019enjeu est de cerner le profil des usager.es de ces \u00e9tablissements, leurs pratiques et leurs histoires de vie. Il s\u2019agit \u00e9galement de s\u2019interroger sur l\u2019effet de l\u2019ouverture d\u2019un nouvel \u00e9tablissement de douches sur la fr\u00e9quentation des \u00e9tablissements situ\u00e9s \u00e0 proximit\u00e9.<\/p>\n\n\n\n<p>Veuillez trouver la fiche de poste ci-jointe.<\/p>\n\n\n\n<p>Les CV et lettre de motivation sont \u00e0 envoyer \u00e0 Lucie Bony (<a rel=\"noreferrer noopener\" target=\"_blank\" href=\"mailto:lucie.bony@cnrs.fr\">lucie.bony@cnrs.fr<\/a>) et Marie Chabrol (<a rel=\"noreferrer noopener\" target=\"_blank\" href=\"mailto:marie.chabrol@u-picardie.fr\">marie.chabrol@u-picardie.fr<\/a>) le <strong>20 novembre 2023<\/strong> dernier d\u00e9lai.<\/p>\n\n\n\n<div class=\"wp-block-file\"><a href=\"http:\/\/amiens-sociologie.fr\/wp-content\/uploads\/2023\/10\/Fiche-de-stage_Paris_StDenis.pdf\">Fiche-de-stage_Paris_StDenis<\/a><a href=\"http:\/\/amiens-sociologie.fr\/wp-content\/uploads\/2023\/10\/Fiche-de-stage_Paris_StDenis.pdf\" class=\"wp-block-file__button\" download>Download<\/a><\/div>\n","protected":false},"excerpt":{"rendered":"<p>L&#8217;\u00e9quipe de la recherche Thermapolis (https:\/\/thermapolis.hypotheses.org\/) propose un stage de recherche de 4 mois destin\u00e9 \u00e0 un.e \u00e9tudiant.e de M2 dans le domaine des sciences sociales et des techniques d\u2019enqu\u00eate de terrain. L\u2019\u00e9tudiant.e sera int\u00e9gr\u00e9e \u00e0 l\u2019\u00e9quipe de recherche, participera aux r\u00e9unions et aux \u00e9v\u00e8nements scientifiques organis\u00e9s sur la p\u00e9riode du stage. Son \u00e9tude proposera &#8230; <a title=\"Proposition de Stage M2 &#8211; Enqu\u00eate ethnographique dans des bains-douches &#8211; Ile-de-France\" class=\"read-more\" href=\"http:\/\/amiens-sociologie.fr\/index.php\/2023\/10\/26\/proposition-de-stage-m2-enquete-ethnographique-dans-des-bains-douches-ile-de-france\/\">Read more<span class=\"screen-reader-text\">Proposition de Stage M2 &#8211; Enqu\u00eate ethnographique dans des bains-douches &#8211; Ile-de-France<\/span><\/a><\/p>\n","protected":false},"author":12,"featured_media":0,"comment_status":"closed","ping_status":"open","sticky":false,"template":"","format":"standard","meta":[],"categories":[5,14,27,16],"tags":[],"_links":{"self":[{"href":"http:\/\/amiens-sociologie.fr\/index.php\/wp-json\/wp\/v2\/posts\/3088"}],"collection":[{"href":"http:\/\/amiens-sociologie.fr\/index.php\/wp-json\/wp\/v2\/posts"}],"about":[{"href":"http:\/\/amiens-sociologie.fr\/index.php\/wp-json\/wp\/v2\/types\/post"}],"author":[{"embeddable":true,"href":"http:\/\/amiens-sociologie.fr\/index.php\/wp-json\/wp\/v2\/users\/12"}],"replies":[{"embeddable":true,"href":"http:\/\/amiens-sociologie.fr\/index.php\/wp-json\/wp\/v2\/comments?post=3088"}],"version-history":[{"count":1,"href":"http:\/\/amiens-sociologie.fr\/index.php\/wp-json\/wp\/v2\/posts\/3088\/revisions"}],"predecessor-version":[{"id":3090,"href":"http:\/\/amiens-sociologie.fr\/index.php\/wp-json\/wp\/v2\/posts\/3088\/revisions\/3090"}],"wp:attachment":[{"href":"http:\/\/amiens-sociologie.fr\/index.php\/wp-json\/wp\/v2\/media?parent=3088"}],"wp:term":[{"taxonomy":"category","embeddable":true,"href":"http:\/\/amiens-sociologie.fr\/index.php\/wp-json\/wp\/v2\/categories?post=3088"},{"taxonomy":"post_tag","embeddable":true,"href":"http:\/\/amiens-sociologie.fr\/index.php\/wp-json\/wp\/v2\/tags?post=3088"}],"curies":[{"name":"wp","href":"https:\/\/api.w.org\/{rel}","templated":true}]}}