{"id":2900,"date":"2022-05-31T13:49:55","date_gmt":"2022-05-31T12:49:55","guid":{"rendered":"http:\/\/amiens-sociologie.fr\/?p=2900"},"modified":"2022-05-31T13:49:55","modified_gmt":"2022-05-31T12:49:55","slug":"chargee-detudes-statistiques-statisticienne-pead-lcd-direction-de-la-promotion-de-legalite-et-de-lacces-aux-droits-du-defenseur-des-droits","status":"publish","type":"post","link":"http:\/\/amiens-sociologie.fr\/index.php\/2022\/05\/31\/chargee-detudes-statistiques-statisticienne-pead-lcd-direction-de-la-promotion-de-legalite-et-de-lacces-aux-droits-du-defenseur-des-droits\/","title":{"rendered":"CHARGE(E) D&#8217;ETUDES STATISTIQUES \/STATISTICIEN(NE) PEAD\/LCD &#8211; Direction de la promotion de l\u2019\u00e9galit\u00e9 et de l\u2019acc\u00e8s aux droits du D\u00e9fenseur des droits"},"content":{"rendered":"\n<p><strong>Le D\u00e9fenseur des droits<\/strong> est une autorit\u00e9 administrative ind\u00e9pendante cr\u00e9\u00e9e en 2011 et inscrite dans la Constitution. Elle est charg\u00e9e de d\u00e9fendre les droits et libert\u00e9s individuelles dans le cadre des cinq domaines de comp\u00e9tences d\u00e9termin\u00e9s par la loi :<\/p>\n\n\n\n<p>&#8211;&nbsp;&nbsp;&nbsp;&nbsp;&nbsp;&nbsp;&nbsp; la d\u00e9fense des droits et libert\u00e9s dans le cadre des relations avec les services publics,<\/p>\n\n\n\n<p>&#8211;&nbsp;&nbsp;&nbsp;&nbsp;&nbsp;&nbsp;&nbsp; la d\u00e9fense et la promotion de l\u2019int\u00e9r\u00eat sup\u00e9rieur et des droits de l\u2019enfant,<\/p>\n\n\n\n<p>&#8211;&nbsp;&nbsp;&nbsp;&nbsp;&nbsp;&nbsp;&nbsp; la lutte contre les discriminations directes et indirectes et la promotion de l\u2019\u00e9galit\u00e9,<\/p>\n\n\n\n<p>&#8211;&nbsp;&nbsp;&nbsp; le respect de la d\u00e9ontologie par les professionnels de la s\u00e9curit\u00e9 (police, gendarmerie, services priv\u00e9s de s\u00e9curit\u00e9),<\/p>\n\n\n\n<p>&#8211;&nbsp;&nbsp;&nbsp;&nbsp;&nbsp;&nbsp;&nbsp; l\u2019orientation et la protection des lanceurs d\u2019alerte.<\/p>\n\n\n\n<p>La Direction de la promotion de l\u2019\u00e9galit\u00e9 et de l\u2019acc\u00e8s aux droits est organis\u00e9e en deux p\u00f4les : le p\u00f4le \u00ab Action territoriale, formation, acc\u00e8s des jeunes aux droits \u00bb et le p\u00f4le \u00ab Lutte contre les discriminations, acc\u00e8s aux droits et observation de la soci\u00e9t\u00e9 \u00bb. Elle assume les missions de l\u2019Institution en mati\u00e8re de promotion de l\u2019\u00e9galit\u00e9 et d\u2019ac c\u00e8s aux droits. La promotion se construit en coordination avec l\u2019ensemble de l\u2019institution et en partenariat avec la soci\u00e9t\u00e9 civile, les acteurs institutionnels et les professionnels concern\u00e9s. Ses registres d\u2019action sont ceux de la recherche, de l\u2019enqu\u00eate syst\u00e9mique pour identifier les sources de risques et les difficult\u00e9s des acteurs. Elle est \u00e9galement charg\u00e9e de la production d\u2019outils et de savoir-faire, de la formation, de la mise en r\u00e9seau des acteurs afin de favoriser un changement durable des mentalit\u00e9s et des pratiques, et des propositions de r\u00e9formes.<\/p>\n\n\n\n<p>Le p\u00f4le \u00ab Lutte contre les discriminations, Acc\u00e8s aux droits et observation de la soci\u00e9t\u00e9 \u00bb contribue \u00e0 la production des savoirs et anime les r\u00e9flexions permettant d\u2019assoir les actions de promotion de l\u2019\u00e9galit\u00e9 et d\u2019acc\u00e8s aux droits. En prenant appui sur les productions juridiques, les analyses de la soci\u00e9t\u00e9 civile, les travaux des sciences humaines et sociales, il a pour vocation de permettre \u00e0 l\u2019institution d\u2019\u00e9clairer les d\u00e9bats publics et de faire \u00e9voluer les situations relevant des discriminations et de l\u2019acc\u00e8s aux droits. Il r\u00e9alise des \u00e9tudes, des recherches et des statistiques au sein de l\u2019Observatoire du D\u00e9fenseur des droits.<\/p>\n\n\n\n<h2>Votre mission<\/h2>\n\n\n\n<p>Plac\u00e9(e) sous l\u2019autorit\u00e9 du chef de p\u00f4le, vous \u00eates charg\u00e9(e) de :<\/p>\n\n\n\n<p>\u02d7 \u00c9valuer la profondeur statistique des bases de donn\u00e9es des r\u00e9clamations re\u00e7ues par l\u2019institution (Agora et plateformes t\u00e9l\u00e9phoniques) ;<\/p>\n\n\n\n<p>\u02d7 Mettre en place, en collaboration avec les directions et services concern\u00e9s (Direction du r\u00e9seau et de l\u2019acc\u00e8s aux droits, service informatique \u2026), une organisation, des proc\u00e9dures et des solutions visant \u00e0 leur consolidation et \u00e0 leur articulation ;<\/p>\n\n\n\n<p>\u02d7 R\u00e9aliser le traitement, l\u2019analyse des donn\u00e9es (indicateurs) et valoriser les r\u00e9sultats ;<\/p>\n\n\n\n<p>\u02d7 Assurer le contr\u00f4le de la qualit\u00e9 de la collecte des donn\u00e9es et veiller \u00e0 la qualit\u00e9 des analyses et r\u00e9sultats produits ;<\/p>\n\n\n\n<p>\u02d7 Contribuer \u00e0 la d\u00e9finition des indicateurs et des outils de suivi et d&#8217;\u00e9valuation des r\u00e9clamations et appels re\u00e7us ;<\/p>\n\n\n\n<p>\u02d7 Contribuer aux travaux de l\u2019Observatoire du D\u00e9fenseur des droits : o Exploiter les bases de donn\u00e9es de l\u2019institution ; o Piloter l\u2019analyse statistique des enqu\u00eates produites par l\u2019institution ;<\/p>\n\n\n\n<p>Assurer la mise \u00e0 disposition des bases de donn\u00e9es pour des utilisateurs externes (chercheurs\u2026) des enqu\u00eates de l\u2019institution ;<\/p>\n\n\n\n<p>Traiter et analyser toutes autres sources de donn\u00e9es relatives au domaine d\u2019intervention de l\u2019institution.<\/p>\n\n\n\n<p>Pr\u00e9senter les r\u00e9sultats des \u00e9tudes et participer a leur valorisation sous des formes diverses<\/p>\n\n\n\n<p>Participer \u00e0 la mise en \u0153uvre de la programmation des \u00e9tudes et recherches de l\u2019institution : suivi des appels \u00e0 projets et de l\u2019avancement des travaux, \u00e9laboration de protocoles d\u2019\u00e9tudes, d\u2019outils d\u2019enqu\u00eates (questionnaires, grilles\u2026) et \u00e0 sa valorisation ; \u02d7 R\u00e9diger des documents (notes d\u2019analyse, documents de travail, articles, rapports d\u2019\u00e9tude) dans le cadre du programme de travail annuel.<\/p>\n\n\n\n<h2>Le profil id\u00e9al<\/h2>\n\n\n\n<p>Formation initiale : Dipl\u00f4me de niveau master au minimum en statistique, sociologie, d\u00e9mographie, sciences politiques, \u00e9conomie.<\/p>\n\n\n\n<p>\u02d7 Maitrise des techniques de collecte et de traitement de l\u2019information ;<\/p>\n\n\n\n<p>\u02d7 Maitrise des m\u00e9thodes statistiques (tests, r\u00e9gressions, etc.) et des logiciels de traitement et d\u2019analyse (de type Stata, R, etc.) ;<\/p>\n\n\n\n<p>\u02d7 Capacit\u00e9s d\u2019analyse statistiques et d\u2019interpr\u00e9tation des r\u00e9sultats ;<\/p>\n\n\n\n<p>\u02d7 Excellentes aptitudes r\u00e9dactionnelles ;<\/p>\n\n\n\n<p>\u02d7 Sens de l\u2019organisation ;<\/p>\n\n\n\n<p>&#8211; Sens de la p\u00e9dagogie ; \u02d7 Capacit\u00e9 de travail en \u00e9quipe et en r\u00e9seau ;<\/p>\n\n\n\n<p>\u02d7 Aptitudes \u00e0 la conduite et gestion de projet ; Exp\u00e9rience professionnelle d\u2019au moins 3 ann\u00e9es dans une administration sociale ou \u00e9conomique, ou un centre d\u2019\u00e9tudes et de recherche.<\/p>\n\n\n\n<p><br>Versant : Fonction publique d\u2019Etat<\/p>\n\n\n\n<p>Cat\u00e9gorie : A<\/p>\n\n\n\n<p>Statut : Ouvert aux fonctionnaires et contractuels<\/p>\n\n\n\n<p>Domaine fonctionnel : Etudes-Audit-Evaluation-Contr\u00f4le interne et prospective<\/p>\n\n\n\n<p>M\u00e9tier : Charg\u00e9(e) d\u2019\u00e9tudes et \u00e9valuation<\/p>\n\n\n\n<p>Type d\u2019emploi : Emploi permanent<\/p>\n\n\n\n<p>Dur\u00e9e du contrat : Emploi de contractuel ouvert aux fonctionnaires des 3 fonctions publiques de cat\u00e9gorie A par voie de d\u00e9tachement sur contrat d\u2019une dur\u00e9e de 2 ans renouvelable ou \u00e0 toute autre personne susceptible d\u2019\u00eatre recrut\u00e9e sur un contrat de droit public \u00e0 dur\u00e9e d\u00e9termin\u00e9e (CDD), d\u2019une dur\u00e9e de 3 ans.<\/p>\n\n\n\n<p>Management : NON<\/p>\n\n\n\n<p>Poste \u00e0 pourvoir \u00e0 compter du : 1er juillet 2022<\/p>\n\n\n\n<p>Date limite de candidature : 24 juin 2022<\/p>\n\n\n\n<p>Pour postuler :<\/p>\n\n\n\n<p><a rel=\"noreferrer noopener\" target=\"_blank\" href=\"https:\/\/defenseurdesdroits.nous-recrutons.fr\/poste\/dj2orx8ns4-chargee-detudes-statistiques-statisticienne-pead-lcd\/\">CHARGE(E) D&#8217;ETUDES STATISTIQUES \/STATISTICIEN(NE) PEAD\/LCD | Defenseur des droits recrute ! (nous-recrutons.fr)<\/a><\/p>\n","protected":false},"excerpt":{"rendered":"<p>Le D\u00e9fenseur des droits est une autorit\u00e9 administrative ind\u00e9pendante cr\u00e9\u00e9e en 2011 et inscrite dans la Constitution. Elle est charg\u00e9e de d\u00e9fendre les droits et libert\u00e9s individuelles dans le cadre des cinq domaines de comp\u00e9tences d\u00e9termin\u00e9s par la loi : &#8211;&nbsp;&nbsp;&nbsp;&nbsp;&nbsp;&nbsp;&nbsp; la d\u00e9fense des droits et libert\u00e9s dans le cadre des relations avec les services &#8230; <a title=\"CHARGE(E) D&#8217;ETUDES STATISTIQUES \/STATISTICIEN(NE) PEAD\/LCD &#8211; Direction de la promotion de l\u2019\u00e9galit\u00e9 et de l\u2019acc\u00e8s aux droits du D\u00e9fenseur des droits\" class=\"read-more\" href=\"http:\/\/amiens-sociologie.fr\/index.php\/2022\/05\/31\/chargee-detudes-statistiques-statisticienne-pead-lcd-direction-de-la-promotion-de-legalite-et-de-lacces-aux-droits-du-defenseur-des-droits\/\">Read more<span class=\"screen-reader-text\">CHARGE(E) D&#8217;ETUDES STATISTIQUES \/STATISTICIEN(NE) PEAD\/LCD &#8211; Direction de la promotion de l\u2019\u00e9galit\u00e9 et de l\u2019acc\u00e8s aux droits du D\u00e9fenseur des droits<\/span><\/a><\/p>\n","protected":false},"author":12,"featured_media":0,"comment_status":"closed","ping_status":"open","sticky":false,"template":"","format":"standard","meta":[],"categories":[5,27],"tags":[],"_links":{"self":[{"href":"http:\/\/amiens-sociologie.fr\/index.php\/wp-json\/wp\/v2\/posts\/2900"}],"collection":[{"href":"http:\/\/amiens-sociologie.fr\/index.php\/wp-json\/wp\/v2\/posts"}],"about":[{"href":"http:\/\/amiens-sociologie.fr\/index.php\/wp-json\/wp\/v2\/types\/post"}],"author":[{"embeddable":true,"href":"http:\/\/amiens-sociologie.fr\/index.php\/wp-json\/wp\/v2\/users\/12"}],"replies":[{"embeddable":true,"href":"http:\/\/amiens-sociologie.fr\/index.php\/wp-json\/wp\/v2\/comments?post=2900"}],"version-history":[{"count":1,"href":"http:\/\/amiens-sociologie.fr\/index.php\/wp-json\/wp\/v2\/posts\/2900\/revisions"}],"predecessor-version":[{"id":2901,"href":"http:\/\/amiens-sociologie.fr\/index.php\/wp-json\/wp\/v2\/posts\/2900\/revisions\/2901"}],"wp:attachment":[{"href":"http:\/\/amiens-sociologie.fr\/index.php\/wp-json\/wp\/v2\/media?parent=2900"}],"wp:term":[{"taxonomy":"category","embeddable":true,"href":"http:\/\/amiens-sociologie.fr\/index.php\/wp-json\/wp\/v2\/categories?post=2900"},{"taxonomy":"post_tag","embeddable":true,"href":"http:\/\/amiens-sociologie.fr\/index.php\/wp-json\/wp\/v2\/tags?post=2900"}],"curies":[{"name":"wp","href":"https:\/\/api.w.org\/{rel}","templated":true}]}}