{"id":2733,"date":"2022-01-13T08:46:00","date_gmt":"2022-01-13T07:46:00","guid":{"rendered":"http:\/\/amiens-sociologie.fr\/?p=2733"},"modified":"2022-01-13T08:46:10","modified_gmt":"2022-01-13T07:46:10","slug":"offre-de-stage-m2-au-lisis-6-mois","status":"publish","type":"post","link":"http:\/\/amiens-sociologie.fr\/index.php\/2022\/01\/13\/offre-de-stage-m2-au-lisis-6-mois\/","title":{"rendered":"Offre de stage M2 au Lisis. 6 mois."},"content":{"rendered":"\n<p><strong>Le laboratoire<\/strong><\/p>\n\n\n\n<p>Le LISIS est un laboratoire de recherche interdisciplinaire consacr\u00e9 \u00e0 l&#8217;\u00e9tude des sciences et des innovations en soci\u00e9t\u00e9s. L&#8217;enjeu de ses recherches est de comprendre les transformations sociales et politiques li\u00e9es \u00e0 l\u2019innovation scientifique et technique dans notre rapport \u00e0 l\u2019environnement, \u00e0 la globalisation \u00e9conomique et \u00e0 la digitalisation des mondes sociaux et professionnels.<\/p>\n\n\n\n<p>LISIS UMR CNRS-ESIEE Paris-INRAE-Universit\u00e9 Gustave Eiffel Cit\u00e9 Descartes \u2013 Bois de l\u2019\u00e9tang &#8211; Champ-sur-Marne 77 454 Marne- la-Vall\u00e9e C\u00e9dex France http:\/\/umr-lisis.fr www.ifris.org<\/p>\n\n\n\n<p><strong>Votre mission<\/strong><\/p>\n\n\n\n<p>Vous contribuerez \u00e0 des travaux de recherche-action ayant pour objectif d\u2019accompagner la mise en place d\u2019une subvention d\u2019\u00e9tat, le Fonjep-recherche. Cette subvention finance des activit\u00e9s en lien avec les recherches participatives dans les associations. Ces activit\u00e9s visent \u00e0 assurer et structurer une interface efficace entre associations et \u00e9tablissements d\u2019enseignement sup\u00e9rieur et de recherche. Elles contribuent \u00e0 facilitent les recherches participatives, entendues comme coproduction de solutions \u00e0 des probl\u00e8mes complexes dans le contexte de transitions environnementales et sociales.<\/p>\n\n\n\n<p>L\u2019enqu\u00eate \u00e0 laquelle vous participerez a pour but de mieux comprendre les interm\u00e9diations de recherche afin d\u2019optimiser leurs impacts en termes de transitions environnementales et sociales.<\/p>\n\n\n\n<p>Vous aurez pour mission de conduire et d\u00e9pouiller une trentaine d\u2019entretiens. Une grille d\u2019analyse vous sera fournie, pour laquelle vous serez invit\u00e9e \u00e0 faire des propositions. Vous participerez aussi \u00e0 des r\u00e9unions et des observations sur le terrain.<\/p>\n\n\n\n<p><strong>Vos comp\u00e9tences et connaissances<\/strong><\/p>\n\n\n\n<p>\u00b7 Pratique de la d\u00e9marche socio anthropologique et notamment analyse d\u2019entretiens et de documents scientifiques, observation participante, connaissance du logiciel In vivo<\/p>\n\n\n\n<p>\u00b7 Connaissance du milieu associatif : recherches participatives, innovation sociale et \u00e9ducation populaire<\/p>\n\n\n\n<p>\u00b7 Gestion de projet<\/p>\n\n\n\n<p>\u00b7 Capacit\u00e9s r\u00e9dactionnelles<\/p>\n\n\n\n<p><strong>Gratification<\/strong> selon convention stage masters 2 (environ 550 euros par mois)<\/p>\n\n\n\n<p><strong>Dur\u00e9e 6 mois<\/strong><\/p>\n\n\n\n<p>Contact : Evelyne LHOSTE, PhD, Charg\u00e9e de recherche INRAE Laboratoire Interdisciplinaire Sciences<\/p>\n\n\n\n<p>Innovations Soci\u00e9t\u00e9s, lhoste@inra-ifris.org<\/p>\n","protected":false},"excerpt":{"rendered":"<p>Le laboratoire Le LISIS est un laboratoire de recherche interdisciplinaire consacr\u00e9 \u00e0 l&#8217;\u00e9tude des sciences et des innovations en soci\u00e9t\u00e9s. L&#8217;enjeu de ses recherches est de comprendre les transformations sociales et politiques li\u00e9es \u00e0 l\u2019innovation scientifique et technique dans notre rapport \u00e0 l\u2019environnement, \u00e0 la globalisation \u00e9conomique et \u00e0 la digitalisation des mondes sociaux et &#8230; <a title=\"Offre de stage M2 au Lisis. 6 mois.\" class=\"read-more\" href=\"http:\/\/amiens-sociologie.fr\/index.php\/2022\/01\/13\/offre-de-stage-m2-au-lisis-6-mois\/\">Read more<span class=\"screen-reader-text\">Offre de stage M2 au Lisis. 6 mois.<\/span><\/a><\/p>\n","protected":false},"author":1,"featured_media":0,"comment_status":"closed","ping_status":"open","sticky":false,"template":"","format":"standard","meta":[],"categories":[1],"tags":[],"_links":{"self":[{"href":"http:\/\/amiens-sociologie.fr\/index.php\/wp-json\/wp\/v2\/posts\/2733"}],"collection":[{"href":"http:\/\/amiens-sociologie.fr\/index.php\/wp-json\/wp\/v2\/posts"}],"about":[{"href":"http:\/\/amiens-sociologie.fr\/index.php\/wp-json\/wp\/v2\/types\/post"}],"author":[{"embeddable":true,"href":"http:\/\/amiens-sociologie.fr\/index.php\/wp-json\/wp\/v2\/users\/1"}],"replies":[{"embeddable":true,"href":"http:\/\/amiens-sociologie.fr\/index.php\/wp-json\/wp\/v2\/comments?post=2733"}],"version-history":[{"count":2,"href":"http:\/\/amiens-sociologie.fr\/index.php\/wp-json\/wp\/v2\/posts\/2733\/revisions"}],"predecessor-version":[{"id":2735,"href":"http:\/\/amiens-sociologie.fr\/index.php\/wp-json\/wp\/v2\/posts\/2733\/revisions\/2735"}],"wp:attachment":[{"href":"http:\/\/amiens-sociologie.fr\/index.php\/wp-json\/wp\/v2\/media?parent=2733"}],"wp:term":[{"taxonomy":"category","embeddable":true,"href":"http:\/\/amiens-sociologie.fr\/index.php\/wp-json\/wp\/v2\/categories?post=2733"},{"taxonomy":"post_tag","embeddable":true,"href":"http:\/\/amiens-sociologie.fr\/index.php\/wp-json\/wp\/v2\/tags?post=2733"}],"curies":[{"name":"wp","href":"https:\/\/api.w.org\/{rel}","templated":true}]}}