{"id":2720,"date":"2022-01-03T12:13:03","date_gmt":"2022-01-03T11:13:03","guid":{"rendered":"http:\/\/amiens-sociologie.fr\/?p=2720"},"modified":"2022-01-03T12:13:03","modified_gmt":"2022-01-03T11:13:03","slug":"offre-de-stage-de-master-droit-au-logement-opposable-lyon-fevrier-2022","status":"publish","type":"post","link":"http:\/\/amiens-sociologie.fr\/index.php\/2022\/01\/03\/offre-de-stage-de-master-droit-au-logement-opposable-lyon-fevrier-2022\/","title":{"rendered":"Offre de stage de Master &#8211; Droit au logement opposable &#8211; Lyon f\u00e9vrier 2022"},"content":{"rendered":"\n<p>L\u2019Union nationale des comit\u00e9s locaux pour le logement autonome des jeunes (UNCLLAJ) publie une offre de stage de Master qui peut int\u00e9resser de nombreux.ses \u00e9tudiant.es en science politique et en sociologie. Ce stage de recherche dans une union d\u2019associations est ouvert aux \u00e9tudiant.es de Master 1<sup>\u00e8re<\/sup> ou 2<sup>\u00e8me<\/sup> ann\u00e9e et porte sur le logement des jeunes.<\/p>\n\n\n\n<p><a href=\"https:\/\/lyon-rhone.ambition-ess.org\/service-civique\/luncllaj-recherche-une-stagiaire-etude-sur-le-logement-des-jeunes-lyon-69\" target=\"_blank\" rel=\"noreferrer noopener\">L\u2019UNCLLAJ recherche un\u00b7e stagiaire : \u00c9tude sur le logement des jeunes &#8211; Lyon (69) | Ambition ESS &#8211; Lyon m\u00e9tropole \/ Rh\u00f4ne (ambition-ess.org)<\/a><\/p>\n\n\n\n<p>L\u2019UNCLLAJ a r\u00e9alis\u00e9 des \u00e9tudes sur le non-recours des jeunes \u00e0 un certain nombre de dispositifs et aides au logement&nbsp;: les garanties locatives, le logement social. En 2022, l\u2019objectif est la production d\u2019une \u00e9tude sur le non-recours des jeunes au Droit au logement opposable (DALO).<\/p>\n\n\n\n<p>L\u2019\u00e9tudiant.e serait accueilli.e dans les locaux dans le 3<sup>\u00e8me<\/sup> arrondissement de Lyon, mais la possibilit\u00e9 de travailler \u00e0 distance peut \u00eatre envisag\u00e9e. La question qui sous-tendra l\u2019\u00e9tude sera co-construite avec l&#8217;association, qui accompagnera la-e stagiaire dans la r\u00e9alisation de son enqu\u00eate et dans la d\u00e9couverte de l\u2019activit\u00e9 des CLLAJ\/UNCLLAJ. L\u2019ensemble de l\u2019\u00e9quipe sera \u00e0 ses c\u00f4t\u00e9s durant ce stage\u00a0: le d\u00e9l\u00e9gu\u00e9 national, le charg\u00e9 de veille et la charg\u00e9e de l\u2019Observatoire.<\/p>\n\n\n\n<p>Contact : <\/p>\n\n\n\n<p><strong>M\u00e9lanie Atrux-Tallau<\/strong><\/p>\n\n\n\n<p>Charg\u00e9e de mission Syst\u00e8me d\u2019information (LD CLLAJ) et Observatoire Union Nationale des CLLAJ &#8211; 245 rue Duguesclin, 69003 Lyon<\/p>\n\n\n\n<p>T\u00e9l. : 09 72 53 49 36<br>Mail : <a rel=\"noreferrer noopener\" target=\"_blank\" href=\"mailto:m.atrux-tallau@uncllaj.org\">m.atrux-tallau@uncllaj.org<\/a><br>Site web : <a rel=\"noreferrer noopener\" target=\"_blank\" href=\"https:\/\/www.uncllaj.org\/\">www.uncllaj.org<\/a><\/p>\n\n\n\n<figure class=\"wp-block-table\"><table><tbody><tr><td><\/td><\/tr><tr><td><img loading=\"lazy\" src=\"https:\/\/apis.mail.yahoo.com\/ws\/v3\/mailboxes\/@.id==VjN-EgxB0cj_fTxRz0hUzGvgZ4V7yvTkCHL36uMNyMlRODxVmX0rqwmasY5lmhfjIJD6vJ_josKc0NTe5reqVcg1QQ\/messages\/@.id==APDlXGorySx4YdLKQwKjyNRaDY0\/content\/parts\/@.id==4\/thumbnail?appid=YMailNorrin&amp;downloadWhenThumbnailFails=true&amp;pid=4\" alt=\"https:\/\/cdn2.hubspot.net\/hubfs\/53\/tools\/email-signature-generator\/icons\/email-icon-2x.png\" width=\"13\" height=\"13\"><\/td><td><\/td><\/tr><tr><td><img loading=\"lazy\" src=\"https:\/\/apis.mail.yahoo.com\/ws\/v3\/mailboxes\/@.id==VjN-EgxB0cj_fTxRz0hUzGvgZ4V7yvTkCHL36uMNyMlRODxVmX0rqwmasY5lmhfjIJD6vJ_josKc0NTe5reqVcg1QQ\/messages\/@.id==APDlXGorySx4YdLKQwKjyNRaDY0\/content\/parts\/@.id==5\/thumbnail?appid=YMailNorrin&amp;downloadWhenThumbnailFails=true&amp;pid=5\" alt=\"https:\/\/cdn2.hubspot.net\/hubfs\/53\/tools\/email-signature-generator\/icons\/link-icon-2x.png\" width=\"13\" height=\"13\"><\/td><td><\/td><\/tr><\/tbody><\/table><\/figure>\n","protected":false},"excerpt":{"rendered":"<p>L\u2019Union nationale des comit\u00e9s locaux pour le logement autonome des jeunes (UNCLLAJ) publie une offre de stage de Master qui peut int\u00e9resser de nombreux.ses \u00e9tudiant.es en science politique et en sociologie. Ce stage de recherche dans une union d\u2019associations est ouvert aux \u00e9tudiant.es de Master 1\u00e8re ou 2\u00e8me ann\u00e9e et porte sur le logement des &#8230; <a title=\"Offre de stage de Master &#8211; Droit au logement opposable &#8211; Lyon f\u00e9vrier 2022\" class=\"read-more\" href=\"http:\/\/amiens-sociologie.fr\/index.php\/2022\/01\/03\/offre-de-stage-de-master-droit-au-logement-opposable-lyon-fevrier-2022\/\">Read more<span class=\"screen-reader-text\">Offre de stage de Master &#8211; Droit au logement opposable &#8211; Lyon f\u00e9vrier 2022<\/span><\/a><\/p>\n","protected":false},"author":12,"featured_media":0,"comment_status":"closed","ping_status":"open","sticky":false,"template":"","format":"standard","meta":[],"categories":[27,16],"tags":[],"_links":{"self":[{"href":"http:\/\/amiens-sociologie.fr\/index.php\/wp-json\/wp\/v2\/posts\/2720"}],"collection":[{"href":"http:\/\/amiens-sociologie.fr\/index.php\/wp-json\/wp\/v2\/posts"}],"about":[{"href":"http:\/\/amiens-sociologie.fr\/index.php\/wp-json\/wp\/v2\/types\/post"}],"author":[{"embeddable":true,"href":"http:\/\/amiens-sociologie.fr\/index.php\/wp-json\/wp\/v2\/users\/12"}],"replies":[{"embeddable":true,"href":"http:\/\/amiens-sociologie.fr\/index.php\/wp-json\/wp\/v2\/comments?post=2720"}],"version-history":[{"count":1,"href":"http:\/\/amiens-sociologie.fr\/index.php\/wp-json\/wp\/v2\/posts\/2720\/revisions"}],"predecessor-version":[{"id":2721,"href":"http:\/\/amiens-sociologie.fr\/index.php\/wp-json\/wp\/v2\/posts\/2720\/revisions\/2721"}],"wp:attachment":[{"href":"http:\/\/amiens-sociologie.fr\/index.php\/wp-json\/wp\/v2\/media?parent=2720"}],"wp:term":[{"taxonomy":"category","embeddable":true,"href":"http:\/\/amiens-sociologie.fr\/index.php\/wp-json\/wp\/v2\/categories?post=2720"},{"taxonomy":"post_tag","embeddable":true,"href":"http:\/\/amiens-sociologie.fr\/index.php\/wp-json\/wp\/v2\/tags?post=2720"}],"curies":[{"name":"wp","href":"https:\/\/api.w.org\/{rel}","templated":true}]}}