{"id":2321,"date":"2020-12-16T20:05:11","date_gmt":"2020-12-16T19:05:11","guid":{"rendered":"http:\/\/amiens-sociologie.fr\/?p=2321"},"modified":"2020-12-16T20:05:11","modified_gmt":"2020-12-16T19:05:11","slug":"contrat-de-chercheur-e-contractuel-le-niveau-master-2-dans-le-cadre-de-lanr-dfg-access-plus-acces-aux-droits-sociaux-en-france-et-en-allemagne","status":"publish","type":"post","link":"http:\/\/amiens-sociologie.fr\/index.php\/2020\/12\/16\/contrat-de-chercheur-e-contractuel-le-niveau-master-2-dans-le-cadre-de-lanr-dfg-access-plus-acces-aux-droits-sociaux-en-france-et-en-allemagne\/","title":{"rendered":"Contrat de chercheur-e contractuel-le niveau Master 2 dans le cadre de l&#8217;ANR-DFG Access Plus &#8211; Acc\u00e8s aux droits sociaux en France et en Allemagne"},"content":{"rendered":"\n<p>Le projet franco-allemand ANR-DFG dont je suis le coordonnateur scientifique avec Nikola Tietze pour la partie fran\u00e7aise propose un emploi de chercheur.e contractuel.le \u00e0 plein temps pour une ann\u00e9e.Titre complet du projet : <em><strong>L&#8217;acc\u00e8s aux droits sociaux en France et en Allemagne : in\u00e9glit\u00e9s et discriminations, genre et migrations dans les jeux d&#8217;\u00e9chelles de l&#8217;espace europ\u00e9en.<\/strong><\/em><\/p>\n\n\n\n<p>Lien vers l&#8217;annonce de cet emploi :<a rel=\"noreferrer noopener\" target=\"_blank\" href=\"https:\/\/bit.ly\/3oSGK7A\">&nbsp; https:\/\/bit.ly\/3oSGK7A<\/a><\/p>\n\n\n\n<p><strong><em>Olivier Giraud<br><\/em><\/strong>LISE &#8211; CNRS \/ CNAM (UMR 3320)<br>Visit my homepage: <a rel=\"noreferrer noopener\" target=\"_blank\" href=\"http:\/\/olivier-giraud.eu\/\">http:\/\/olivier-giraud.eu\/<\/a><br>Voice: + 33 (0)1 40 27 24 76<br>Cell:&nbsp; + 33 (0)6 62 07 74 68<\/p>\n\n\n\n<p>olivier.giraud@lecnam.net<\/p>\n\n\n\n<p>Address:<br>LISE CNAM<br>1LAB40<br>2 rue Cont\u00e9<br>F-75 003 Paris<br>Room Nr : 39.3.29<\/p>\n","protected":false},"excerpt":{"rendered":"<p>Le projet franco-allemand ANR-DFG dont je suis le coordonnateur scientifique avec Nikola Tietze pour la partie fran\u00e7aise propose un emploi de chercheur.e contractuel.le \u00e0 plein temps pour une ann\u00e9e.Titre complet du projet : L&#8217;acc\u00e8s aux droits sociaux en France et en Allemagne : in\u00e9glit\u00e9s et discriminations, genre et migrations dans les jeux d&#8217;\u00e9chelles de l&#8217;espace &#8230; <a title=\"Contrat de chercheur-e contractuel-le niveau Master 2 dans le cadre de l&#8217;ANR-DFG Access Plus &#8211; Acc\u00e8s aux droits sociaux en France et en Allemagne\" class=\"read-more\" href=\"http:\/\/amiens-sociologie.fr\/index.php\/2020\/12\/16\/contrat-de-chercheur-e-contractuel-le-niveau-master-2-dans-le-cadre-de-lanr-dfg-access-plus-acces-aux-droits-sociaux-en-france-et-en-allemagne\/\">Read more<span class=\"screen-reader-text\">Contrat de chercheur-e contractuel-le niveau Master 2 dans le cadre de l&#8217;ANR-DFG Access Plus &#8211; Acc\u00e8s aux droits sociaux en France et en Allemagne<\/span><\/a><\/p>\n","protected":false},"author":12,"featured_media":0,"comment_status":"closed","ping_status":"open","sticky":false,"template":"","format":"standard","meta":[],"categories":[5,14,27,16],"tags":[],"_links":{"self":[{"href":"http:\/\/amiens-sociologie.fr\/index.php\/wp-json\/wp\/v2\/posts\/2321"}],"collection":[{"href":"http:\/\/amiens-sociologie.fr\/index.php\/wp-json\/wp\/v2\/posts"}],"about":[{"href":"http:\/\/amiens-sociologie.fr\/index.php\/wp-json\/wp\/v2\/types\/post"}],"author":[{"embeddable":true,"href":"http:\/\/amiens-sociologie.fr\/index.php\/wp-json\/wp\/v2\/users\/12"}],"replies":[{"embeddable":true,"href":"http:\/\/amiens-sociologie.fr\/index.php\/wp-json\/wp\/v2\/comments?post=2321"}],"version-history":[{"count":1,"href":"http:\/\/amiens-sociologie.fr\/index.php\/wp-json\/wp\/v2\/posts\/2321\/revisions"}],"predecessor-version":[{"id":2322,"href":"http:\/\/amiens-sociologie.fr\/index.php\/wp-json\/wp\/v2\/posts\/2321\/revisions\/2322"}],"wp:attachment":[{"href":"http:\/\/amiens-sociologie.fr\/index.php\/wp-json\/wp\/v2\/media?parent=2321"}],"wp:term":[{"taxonomy":"category","embeddable":true,"href":"http:\/\/amiens-sociologie.fr\/index.php\/wp-json\/wp\/v2\/categories?post=2321"},{"taxonomy":"post_tag","embeddable":true,"href":"http:\/\/amiens-sociologie.fr\/index.php\/wp-json\/wp\/v2\/tags?post=2321"}],"curies":[{"name":"wp","href":"https:\/\/api.w.org\/{rel}","templated":true}]}}