{"id":2254,"date":"2020-11-10T19:14:49","date_gmt":"2020-11-10T18:14:49","guid":{"rendered":"http:\/\/amiens-sociologie.fr\/?p=2254"},"modified":"2020-11-10T19:14:49","modified_gmt":"2020-11-10T18:14:49","slug":"offre-de-stage-la-ligue-pour-la-protection-des-oiseaux-propose-evaluer-limpact-socio-economique-des-actions-du-programme-life-vison-le-long-du-fleuve-charente-et-ses-affluents-4-mois","status":"publish","type":"post","link":"http:\/\/amiens-sociologie.fr\/index.php\/2020\/11\/10\/offre-de-stage-la-ligue-pour-la-protection-des-oiseaux-propose-evaluer-limpact-socio-economique-des-actions-du-programme-life-vison-le-long-du-fleuve-charente-et-ses-affluents-4-mois\/","title":{"rendered":"OFFRE DE STAGE La Ligue pour la Protection des Oiseaux propose \u00ab Evaluer l\u2019impact socio-\u00e9conomique des actions du programme LIFE VISON le long du fleuve Charente et ses affluents \/ 4 mois\/ ROCHEFORT (17)\u00bb"},"content":{"rendered":"\n<p>En PJ, une offre de stage, tr\u00e8s int\u00e9ressant notamment dans un contexte de transmission homme-vison de la COVID-19, qui pourrait int\u00e9resser des \u00e9tudiants avec un M1 Sociologie de l\u2019environnement ou similaire.<\/p>\n\n\n\n<p>Merci de r\u00e9pondre directement \u00e0 Anatole Marechal qui encadrera le stage : (<a rel=\"noreferrer noopener\" target=\"_blank\" href=\"mailto:anatole.marechal@lpo.fr\">anatole.marechal@lpo.fr<\/a>).<\/p>\n\n\n\n<p><strong>Anatole Mar\u00e9chal<\/strong><br>Charg\u00e9 de mission Ancrage Territorial<\/p>\n\n\n\n<p>LPO&nbsp; France &#8211; Service des espaces prot\u00e9g\u00e9s<\/p>\n\n\n\n<p>Fonderies Royales 17305 Rochefort<\/p>\n\n\n\n<p>Fixe\u00a0: 09 72 46 36 13 \/ Portable\u00a0: 06 14 77 42 47<\/p>\n\n\n\n<div class=\"wp-block-file\"><a href=\"http:\/\/amiens-sociologie.fr\/wp-content\/uploads\/2020\/11\/4AM20013-Evaluer-l\u2019impact-socio-\u00e9conomique-des-actions-du-programme-LI....pdf\">4AM20013-Evaluer-l\u2019impact-socio-\u00e9conomique-des-actions-du-programme-LI&#8230;<\/a><a href=\"http:\/\/amiens-sociologie.fr\/wp-content\/uploads\/2020\/11\/4AM20013-Evaluer-l\u2019impact-socio-\u00e9conomique-des-actions-du-programme-LI....pdf\" class=\"wp-block-file__button\" download>Download<\/a><\/div>\n","protected":false},"excerpt":{"rendered":"<p>En PJ, une offre de stage, tr\u00e8s int\u00e9ressant notamment dans un contexte de transmission homme-vison de la COVID-19, qui pourrait int\u00e9resser des \u00e9tudiants avec un M1 Sociologie de l\u2019environnement ou similaire. Merci de r\u00e9pondre directement \u00e0 Anatole Marechal qui encadrera le stage : (anatole.marechal@lpo.fr). Anatole Mar\u00e9chalCharg\u00e9 de mission Ancrage Territorial LPO&nbsp; France &#8211; Service des &#8230; <a title=\"OFFRE DE STAGE La Ligue pour la Protection des Oiseaux propose \u00ab Evaluer l\u2019impact socio-\u00e9conomique des actions du programme LIFE VISON le long du fleuve Charente et ses affluents \/ 4 mois\/ ROCHEFORT (17)\u00bb\" class=\"read-more\" href=\"http:\/\/amiens-sociologie.fr\/index.php\/2020\/11\/10\/offre-de-stage-la-ligue-pour-la-protection-des-oiseaux-propose-evaluer-limpact-socio-economique-des-actions-du-programme-life-vison-le-long-du-fleuve-charente-et-ses-affluents-4-mois\/\">Read more<span class=\"screen-reader-text\">OFFRE DE STAGE La Ligue pour la Protection des Oiseaux propose \u00ab Evaluer l\u2019impact socio-\u00e9conomique des actions du programme LIFE VISON le long du fleuve Charente et ses affluents \/ 4 mois\/ ROCHEFORT (17)\u00bb<\/span><\/a><\/p>\n","protected":false},"author":12,"featured_media":0,"comment_status":"closed","ping_status":"open","sticky":false,"template":"","format":"standard","meta":[],"categories":[5,14,27,16],"tags":[],"_links":{"self":[{"href":"http:\/\/amiens-sociologie.fr\/index.php\/wp-json\/wp\/v2\/posts\/2254"}],"collection":[{"href":"http:\/\/amiens-sociologie.fr\/index.php\/wp-json\/wp\/v2\/posts"}],"about":[{"href":"http:\/\/amiens-sociologie.fr\/index.php\/wp-json\/wp\/v2\/types\/post"}],"author":[{"embeddable":true,"href":"http:\/\/amiens-sociologie.fr\/index.php\/wp-json\/wp\/v2\/users\/12"}],"replies":[{"embeddable":true,"href":"http:\/\/amiens-sociologie.fr\/index.php\/wp-json\/wp\/v2\/comments?post=2254"}],"version-history":[{"count":1,"href":"http:\/\/amiens-sociologie.fr\/index.php\/wp-json\/wp\/v2\/posts\/2254\/revisions"}],"predecessor-version":[{"id":2256,"href":"http:\/\/amiens-sociologie.fr\/index.php\/wp-json\/wp\/v2\/posts\/2254\/revisions\/2256"}],"wp:attachment":[{"href":"http:\/\/amiens-sociologie.fr\/index.php\/wp-json\/wp\/v2\/media?parent=2254"}],"wp:term":[{"taxonomy":"category","embeddable":true,"href":"http:\/\/amiens-sociologie.fr\/index.php\/wp-json\/wp\/v2\/categories?post=2254"},{"taxonomy":"post_tag","embeddable":true,"href":"http:\/\/amiens-sociologie.fr\/index.php\/wp-json\/wp\/v2\/tags?post=2254"}],"curies":[{"name":"wp","href":"https:\/\/api.w.org\/{rel}","templated":true}]}}