{"id":2229,"date":"2020-10-12T11:02:09","date_gmt":"2020-10-12T10:02:09","guid":{"rendered":"http:\/\/amiens-sociologie.fr\/?p=2229"},"modified":"2020-10-12T11:02:09","modified_gmt":"2020-10-12T10:02:09","slug":"recrutement-stagiaire-gis-moyen-orient-paris","status":"publish","type":"post","link":"http:\/\/amiens-sociologie.fr\/index.php\/2020\/10\/12\/recrutement-stagiaire-gis-moyen-orient-paris\/","title":{"rendered":"Recrutement stagiaire GIS Moyen-Orient Paris"},"content":{"rendered":"\n<p>Le GIS Moyen-Orient et mondes musulmans, h\u00e9berg\u00e9 par l\u2019Institut d\u2019\u00e9tude de l\u2019islam et des soci\u00e9t\u00e9s du monde musulman (IISMM-UMS2000), recrute un\/une stagiaire pour une dur\u00e9e de six mois du 4 janvier 2021 au 2 juillet 2021.<\/p>\n\n\n\n<p>Sous la responsabilit\u00e9 des pr\u00e9sidents du jury, il ou elle sera plus particuli\u00e8rement charg\u00e9(e) de l\u2019organisation du Prix de th\u00e8se 2021 sur le Moyen-Orient et le monde musulman et du Prix Michel Seurat (calendrier diff\u00e9rent).<\/p>\n\n\n\n<p>Fiche de poste&nbsp;:<\/p>\n\n\n\n<p>&#8211; Travail de documentation sur les prix pr\u00e9c\u00e9dents et pr\u00e9paration d\u2019une \u00e9ventuelle synth\u00e8se&nbsp;: nombre de th\u00e8ses candidates, sujet et discipline des laur\u00e9ats, nombre de prix, etc<\/p>\n\n\n\n<p>&#8211; R\u00e9ception et v\u00e9rification des dossiers de candidature qui seront envoy\u00e9s par mail avant le 8 janvier 2021.<\/p>\n\n\n\n<p>&#8211; Communication avec les candidats \u00e0 toutes les \u00e9tapes du concours.<\/p>\n\n\n\n<p>&#8211; \u00c9laboration, en vue de la premi\u00e8re r\u00e9union du jury en f\u00e9vrier 2021, d\u2019une liste des candidats comprenant leur nom, leur discipline, le titre de la th\u00e8se, le lieu et la date de soutenance, le nom du directeur, la composition du jury.<\/p>\n\n\n\n<p>&#8211; Communication avec les rapporteurs d\u00e9sign\u00e9s par le jury du Prix de th\u00e8se en f\u00e9vrier 2021 : envoi des dossiers et r\u00e9ception des rapports avant le 2 avril 2021.<\/p>\n\n\n\n<p>&#8211; Pr\u00e9paration de la deuxi\u00e8me r\u00e9union du jury&nbsp;en avril 2021.<\/p>\n\n\n\n<p>&#8211; R\u00e9cup\u00e9ration des th\u00e8ses aupr\u00e8s des rapporteurs et renvoi aux candidats.<\/p>\n\n\n\n<p>&#8211; Aide \u00e0 la pr\u00e9paration logistique et mat\u00e9rielle de la remise du Prix, qui aura lieu \u00e0 l\u2019occasion du Congr\u00e8s du GIS MOMM \u00e0 Aix-en-Provence du 28 au 1<sup>er<\/sup> juillet 2021.<\/p>\n\n\n\n<p>Lieu de travail&nbsp;:<\/p>\n\n\n\n<p>IISMM &#8211; 96 bd Raspail &#8211; 75006 Paris<\/p>\n\n\n\n<p>R\u00e9mun\u00e9ration&nbsp;: selon la tarification en vigueur<\/p>\n\n\n\n<p>Envoyer CV et lettre de motivation avant le <strong>2 novembre 2020<\/strong> \u00e0 :<\/p>\n\n\n\n<p><a rel=\"noreferrer noopener\" target=\"_blank\" href=\"mailto:prix.momm@gmail.com\">prix.momm[at]gmail.com<\/a><\/p>\n\n\n\n<div class=\"wp-block-file\"><a href=\"http:\/\/amiens-sociologie.fr\/wp-content\/uploads\/2020\/10\/Fiche-de-poste-stagiaire-2021.pdf\">Fiche-de-poste-stagiaire-2021<\/a><a href=\"http:\/\/amiens-sociologie.fr\/wp-content\/uploads\/2020\/10\/Fiche-de-poste-stagiaire-2021.pdf\" class=\"wp-block-file__button\" download>Download<\/a><\/div>\n","protected":false},"excerpt":{"rendered":"<p>Le GIS Moyen-Orient et mondes musulmans, h\u00e9berg\u00e9 par l\u2019Institut d\u2019\u00e9tude de l\u2019islam et des soci\u00e9t\u00e9s du monde musulman (IISMM-UMS2000), recrute un\/une stagiaire pour une dur\u00e9e de six mois du 4 janvier 2021 au 2 juillet 2021. Sous la responsabilit\u00e9 des pr\u00e9sidents du jury, il ou elle sera plus particuli\u00e8rement charg\u00e9(e) de l\u2019organisation du Prix de &#8230; <a title=\"Recrutement stagiaire GIS Moyen-Orient Paris\" class=\"read-more\" href=\"http:\/\/amiens-sociologie.fr\/index.php\/2020\/10\/12\/recrutement-stagiaire-gis-moyen-orient-paris\/\">Read more<span class=\"screen-reader-text\">Recrutement stagiaire GIS Moyen-Orient Paris<\/span><\/a><\/p>\n","protected":false},"author":12,"featured_media":0,"comment_status":"closed","ping_status":"open","sticky":false,"template":"","format":"standard","meta":[],"categories":[5,27],"tags":[],"_links":{"self":[{"href":"http:\/\/amiens-sociologie.fr\/index.php\/wp-json\/wp\/v2\/posts\/2229"}],"collection":[{"href":"http:\/\/amiens-sociologie.fr\/index.php\/wp-json\/wp\/v2\/posts"}],"about":[{"href":"http:\/\/amiens-sociologie.fr\/index.php\/wp-json\/wp\/v2\/types\/post"}],"author":[{"embeddable":true,"href":"http:\/\/amiens-sociologie.fr\/index.php\/wp-json\/wp\/v2\/users\/12"}],"replies":[{"embeddable":true,"href":"http:\/\/amiens-sociologie.fr\/index.php\/wp-json\/wp\/v2\/comments?post=2229"}],"version-history":[{"count":1,"href":"http:\/\/amiens-sociologie.fr\/index.php\/wp-json\/wp\/v2\/posts\/2229\/revisions"}],"predecessor-version":[{"id":2231,"href":"http:\/\/amiens-sociologie.fr\/index.php\/wp-json\/wp\/v2\/posts\/2229\/revisions\/2231"}],"wp:attachment":[{"href":"http:\/\/amiens-sociologie.fr\/index.php\/wp-json\/wp\/v2\/media?parent=2229"}],"wp:term":[{"taxonomy":"category","embeddable":true,"href":"http:\/\/amiens-sociologie.fr\/index.php\/wp-json\/wp\/v2\/categories?post=2229"},{"taxonomy":"post_tag","embeddable":true,"href":"http:\/\/amiens-sociologie.fr\/index.php\/wp-json\/wp\/v2\/tags?post=2229"}],"curies":[{"name":"wp","href":"https:\/\/api.w.org\/{rel}","templated":true}]}}