{"id":1788,"date":"2020-02-14T17:04:26","date_gmt":"2020-02-14T16:04:26","guid":{"rendered":"http:\/\/amiens-sociologie.fr\/?p=1788"},"modified":"2020-02-14T17:04:26","modified_gmt":"2020-02-14T16:04:26","slug":"motion-du-curapp-ess-validee-par-lag-du-6-fevrier-2020-et-par-le-conseil-de-laboratoire","status":"publish","type":"post","link":"http:\/\/amiens-sociologie.fr\/index.php\/2020\/02\/14\/motion-du-curapp-ess-validee-par-lag-du-6-fevrier-2020-et-par-le-conseil-de-laboratoire\/","title":{"rendered":"Motion du CURAPP-ESS valid\u00e9e par l&#8217;AG du 6 f\u00e9vrier 2020 et par le Conseil de laboratoire"},"content":{"rendered":"\n<p>Solidaire de la mobilisation interprofessionnelle en cours contre le projet de r\u00e9forme des retraites et oppos\u00e9 aux transformations annonc\u00e9es de l&#8217;Enseignement sup\u00e9rieur et la recherche, le CURAPP-ESS&nbsp;s&#8217;inscrit pleinement dans les mobilisations en cours.<br class=\"\">Nous&nbsp;assurons&nbsp;notre&nbsp;soutien aux vacataires et aux contractuels de l\u2019ESR et appuyons&nbsp;leurs revendications.Nous&nbsp;exprimons&nbsp;notre&nbsp;profond d\u00e9saccord avec les mesures des rapports pr\u00e9alables au projet de loi de programmation pluriannuelle de la recherche (LPPR) qui avancent la possibilit\u00e9 de recruter sur la base de contrats de travail (<em>tenure track<\/em>, CDI de chantier, chaires d\u2019excellence, etc.) d\u00e9rogatoires aux dispositions statutaires. Nous appelons au contraire \u00e0 lutter contre la pr\u00e9carisation g\u00e9n\u00e9ralis\u00e9e des m\u00e9tiers de l\u2019enseignement sup\u00e9rieur et de la recherche :- en rendant visible la contribution des vacataires et des contractuels au fonctionnement des composantes des universit\u00e9s&nbsp;&#8211; en am\u00e9liorant les conditions de travail des vacataires et des contractuels (acc\u00e8s aux espaces num\u00e9riques et aux outils de travail, attribution de bureaux, etc.)-en harmonisant les conditions d\u2019emploi et de recrutement des doctorants et des jeunes docteurs (contrats de travail en bonne et due forme, mensualisation des paiements des vacations, etc.)&nbsp;&#8211; en appelant \u00e0 un plan de cr\u00e9ation massif de postes de titulaires (BIATSS, ITA et enseignant.e.s-chercheur.e.s)<br class=\"\">Nous invitons tou.te.s les coll\u00e8gues, personnels de l\u2019ESR, pr\u00e9caires ou titulaires, \u00e0 :- rendre visible leur mobilisation dans leurs signatures \u00e9lectroniques et r\u00e9ponses automatiques d\u2019absence ;- pratiquer la gr\u00e8ve de la recherche : suspendre les activit\u00e9s scientifiques (reporter les colloques et journ\u00e9es d\u2019\u00e9tude, suspendre le travail d\u2019expertise et d\u2019\u00e9valuation, faire des instances de l&#8217;ESR des espaces de revendication, etc.) ;- se joindre \u00e0 ou relayer \u00e0 l\u2019\u00e9chelle des d\u00e9partements p\u00e9dagogiques et des composantes la mobilisation sous la forme de diff\u00e9rentes actions (gr\u00e8ves et participation \u00e0 la caisse de gr\u00e8ve de l\u2019Universit\u00e9, report des examens, r\u00e9union d\u2019information aupr\u00e8s des \u00e9tudiant.e.s, r\u00e9tention des notes, cours alternatifs, etc.), en concertation entre toutes les cat\u00e9gories de personnels et avec les \u00e9tudiants.Nous appelons \u00e0 participer aux journ\u00e9es de mobilisation nationale, ainsi qu&#8217;aux actions de soutien aux gr\u00e9vistes de la RATP et de la SNCF (piquets, caisses de gr\u00e8ve, AG, etc.).La mobilisation doit franchir de nouvelles \u00e9tapes et s&#8217;inscrire dans la dur\u00e9e. En f\u00e9vrier, toutes les manifestations scientifiques du laboratoire sont annul\u00e9es. Pour les mois suivants, diff\u00e9rentes possibilit\u00e9s seront mises au point, en recherchant un impact maximal de nos actions: annulation des s\u00e9minaires internes, annulation ou insertion de temps d&#8217;information et de mobilisation dans les journ\u00e9es d&#8217;\u00e9tude et les colloques organis\u00e9es en partenariat, conf\u00e9rences et d\u00e9bats visant \u00e0 la diffusion de savoirs critiques.&nbsp;<br class=\"\">Pour les semaines \u00e0 venir, nous proposons aux autres laboratoires de l&#8217;Universit\u00e9 de Picardie Jules Verne de pr\u00e9parer ensemble, pour les 4 et 5 mars prochains, une s\u00e9rie d&#8217;initiatives permettant de mobiliser fortement les personnels et les \u00e9tudiants, et de donner une large visibilit\u00e9 \u00e0 nos revendications.Le 4 mars apr\u00e8s-midi et en soir\u00e9e, nous proposons en particulier d&#8217;organiser ensemble une veill\u00e9e de la recherche, dans les locaux de l&#8217;Universit\u00e9 et hors les murs, avec des moments consacr\u00e9s \u00e0 l&#8217;analyse des projets de r\u00e9forme et des moments plus spectaculaires et conviviaux.Nous demandons \u00e0 la pr\u00e9sidence de l&#8217;Universit\u00e9 de faire du 5 mars une journ\u00e9e banalis\u00e9e pour l&#8217;ensemble des personnels et des \u00e9tudiants. Nous invitons les enseignants-chercheurs, les BIATSS, les ITA, les chercheurs, les enseignants et les \u00e9tudiants \u00e0 participer en masse \u00e0 toutes les initiatives d\u00e9cid\u00e9es \u00e0 l&#8217;\u00e9chelle de l&#8217;\u00e9tablissement ou au niveau interprofessionnel. Nous proposons \u00e9galement aux autres laboratoires de pr\u00e9parer ensemble des initiatives communes qui pourraient prendre leur place dans cette journ\u00e9e.Pour pr\u00e9parer ces initiatives des 4 et 5 mars, nous proposons de tenir une assembl\u00e9e g\u00e9n\u00e9rale inter-laboratoires au cours de la semaine du 17 f\u00e9vrier, en fonction du calendrier d&#8217;action qui sera d\u00e9cid\u00e9 \u00e0 l&#8217;\u00e9chelle nationale.<\/p>\n","protected":false},"excerpt":{"rendered":"<p>Solidaire de la mobilisation interprofessionnelle en cours contre le projet de r\u00e9forme des retraites et oppos\u00e9 aux transformations annonc\u00e9es de l&#8217;Enseignement sup\u00e9rieur et la recherche, le CURAPP-ESS&nbsp;s&#8217;inscrit pleinement dans les mobilisations en cours.Nous&nbsp;assurons&nbsp;notre&nbsp;soutien aux vacataires et aux contractuels de l\u2019ESR et appuyons&nbsp;leurs revendications.Nous&nbsp;exprimons&nbsp;notre&nbsp;profond d\u00e9saccord avec les mesures des rapports pr\u00e9alables au projet de loi de &#8230; <a title=\"Motion du CURAPP-ESS valid\u00e9e par l&#8217;AG du 6 f\u00e9vrier 2020 et par le Conseil de laboratoire\" class=\"read-more\" href=\"http:\/\/amiens-sociologie.fr\/index.php\/2020\/02\/14\/motion-du-curapp-ess-validee-par-lag-du-6-fevrier-2020-et-par-le-conseil-de-laboratoire\/\">Read more<span class=\"screen-reader-text\">Motion du CURAPP-ESS valid\u00e9e par l&#8217;AG du 6 f\u00e9vrier 2020 et par le Conseil de laboratoire<\/span><\/a><\/p>\n","protected":false},"author":1,"featured_media":0,"comment_status":"closed","ping_status":"open","sticky":false,"template":"","format":"standard","meta":[],"categories":[1],"tags":[],"_links":{"self":[{"href":"http:\/\/amiens-sociologie.fr\/index.php\/wp-json\/wp\/v2\/posts\/1788"}],"collection":[{"href":"http:\/\/amiens-sociologie.fr\/index.php\/wp-json\/wp\/v2\/posts"}],"about":[{"href":"http:\/\/amiens-sociologie.fr\/index.php\/wp-json\/wp\/v2\/types\/post"}],"author":[{"embeddable":true,"href":"http:\/\/amiens-sociologie.fr\/index.php\/wp-json\/wp\/v2\/users\/1"}],"replies":[{"embeddable":true,"href":"http:\/\/amiens-sociologie.fr\/index.php\/wp-json\/wp\/v2\/comments?post=1788"}],"version-history":[{"count":1,"href":"http:\/\/amiens-sociologie.fr\/index.php\/wp-json\/wp\/v2\/posts\/1788\/revisions"}],"predecessor-version":[{"id":1789,"href":"http:\/\/amiens-sociologie.fr\/index.php\/wp-json\/wp\/v2\/posts\/1788\/revisions\/1789"}],"wp:attachment":[{"href":"http:\/\/amiens-sociologie.fr\/index.php\/wp-json\/wp\/v2\/media?parent=1788"}],"wp:term":[{"taxonomy":"category","embeddable":true,"href":"http:\/\/amiens-sociologie.fr\/index.php\/wp-json\/wp\/v2\/categories?post=1788"},{"taxonomy":"post_tag","embeddable":true,"href":"http:\/\/amiens-sociologie.fr\/index.php\/wp-json\/wp\/v2\/tags?post=1788"}],"curies":[{"name":"wp","href":"https:\/\/api.w.org\/{rel}","templated":true}]}}