{"id":1716,"date":"2020-01-16T13:24:36","date_gmt":"2020-01-16T12:24:36","guid":{"rendered":"http:\/\/amiens-sociologie.fr\/?p=1716"},"modified":"2020-01-16T13:24:36","modified_gmt":"2020-01-16T12:24:36","slug":"enquete-conditions-de-vie-des-etudiants-a-amiens","status":"publish","type":"post","link":"http:\/\/amiens-sociologie.fr\/index.php\/2020\/01\/16\/enquete-conditions-de-vie-des-etudiants-a-amiens\/","title":{"rendered":"Enqu\u00eate &#8211; Conditions de vie des \u00e9tudiants \u00e0 Amiens"},"content":{"rendered":"\n<p>Une enqu\u00eate quantitative sur <strong>les conditions de vie des \u00e9tudiant.es \u00e0 Amiens<\/strong> est en cours d&#8217;administration. Les \u00e9tudiants peuvent r\u00e9pondre au questionnaire <strong>avant le 30 janvier 2020<\/strong>. Il est indispensable de r\u00e9pondre \u00e0 toutes les questions!  Pour en savoir plus: <br>  <a href=\"http:\/\/enquete.aduga.org\/index.php\/186123?lang=fr\">http:\/\/enquete.aduga.org\/index.php\/186123<\/a><br>  ou  <a href=\"http:\/\/bit.ly\/ECVE2019\">http:\/\/bit.ly\/ECVE2019<\/a> \u00a0                                                                                    <\/p>\n\n\n\n<p>Une page facebook  est \u00e9galement d\u00e9di\u00e9e : @ECVE2019 <\/p>\n\n\n\n<p><\/p>\n\n\n\n<p> <img loading=\"lazy\" width=\"1062\" height=\"1495\" class=\"wp-image-1717\" style=\"width: 150px;\" src=\"http:\/\/amiens-sociologie.fr\/wp-content\/uploads\/2020\/01\/Flyer_Enq_Etud_120_175_Mm_112.jpg\" alt=\"\" srcset=\"http:\/\/amiens-sociologie.fr\/wp-content\/uploads\/2020\/01\/Flyer_Enq_Etud_120_175_Mm_112.jpg 1062w, http:\/\/amiens-sociologie.fr\/wp-content\/uploads\/2020\/01\/Flyer_Enq_Etud_120_175_Mm_112-213x300.jpg 213w, http:\/\/amiens-sociologie.fr\/wp-content\/uploads\/2020\/01\/Flyer_Enq_Etud_120_175_Mm_112-768x1081.jpg 768w, http:\/\/amiens-sociologie.fr\/wp-content\/uploads\/2020\/01\/Flyer_Enq_Etud_120_175_Mm_112-727x1024.jpg 727w\" sizes=\"(max-width: 1062px) 100vw, 1062px\" \/><\/p>\n","protected":false},"excerpt":{"rendered":"<p>Une enqu\u00eate quantitative sur les conditions de vie des \u00e9tudiant.es \u00e0 Amiens est en cours d&#8217;administration. Les \u00e9tudiants peuvent r\u00e9pondre au questionnaire avant le 30 janvier 2020. Il est indispensable de r\u00e9pondre \u00e0 toutes les questions! Pour en savoir plus: http:\/\/enquete.aduga.org\/index.php\/186123 ou http:\/\/bit.ly\/ECVE2019 \u00a0 Une page facebook est \u00e9galement d\u00e9di\u00e9e : @ECVE2019<\/p>\n","protected":false},"author":13,"featured_media":0,"comment_status":"closed","ping_status":"open","sticky":false,"template":"","format":"standard","meta":[],"categories":[1],"tags":[],"_links":{"self":[{"href":"http:\/\/amiens-sociologie.fr\/index.php\/wp-json\/wp\/v2\/posts\/1716"}],"collection":[{"href":"http:\/\/amiens-sociologie.fr\/index.php\/wp-json\/wp\/v2\/posts"}],"about":[{"href":"http:\/\/amiens-sociologie.fr\/index.php\/wp-json\/wp\/v2\/types\/post"}],"author":[{"embeddable":true,"href":"http:\/\/amiens-sociologie.fr\/index.php\/wp-json\/wp\/v2\/users\/13"}],"replies":[{"embeddable":true,"href":"http:\/\/amiens-sociologie.fr\/index.php\/wp-json\/wp\/v2\/comments?post=1716"}],"version-history":[{"count":3,"href":"http:\/\/amiens-sociologie.fr\/index.php\/wp-json\/wp\/v2\/posts\/1716\/revisions"}],"predecessor-version":[{"id":1720,"href":"http:\/\/amiens-sociologie.fr\/index.php\/wp-json\/wp\/v2\/posts\/1716\/revisions\/1720"}],"wp:attachment":[{"href":"http:\/\/amiens-sociologie.fr\/index.php\/wp-json\/wp\/v2\/media?parent=1716"}],"wp:term":[{"taxonomy":"category","embeddable":true,"href":"http:\/\/amiens-sociologie.fr\/index.php\/wp-json\/wp\/v2\/categories?post=1716"},{"taxonomy":"post_tag","embeddable":true,"href":"http:\/\/amiens-sociologie.fr\/index.php\/wp-json\/wp\/v2\/tags?post=1716"}],"curies":[{"name":"wp","href":"https:\/\/api.w.org\/{rel}","templated":true}]}}