{"id":1551,"date":"2019-09-30T16:49:22","date_gmt":"2019-09-30T15:49:22","guid":{"rendered":"http:\/\/amiens-sociologie.fr\/?p=1551"},"modified":"2019-09-30T16:49:22","modified_gmt":"2019-09-30T15:49:22","slug":"salon-emploi-formation-paris-pour-lemploi","status":"publish","type":"post","link":"http:\/\/amiens-sociologie.fr\/index.php\/2019\/09\/30\/salon-emploi-formation-paris-pour-lemploi\/","title":{"rendered":"SALON EMPLOI\/FORMATION PARIS POUR L&#8217;EMPLOI"},"content":{"rendered":"\n<figure class=\"wp-block-image\"><a href=\"https:\/\/upjv.jobteaser.com\/fr\/companies\/carrefour-pour-l-emploi-armees-collect-ent\"><img src=\"https:\/\/d1guu6n8gz71j.cloudfront.net\/system\/asset\/logos\/2327500\/logo.png?1567694329\" alt=\"Logo\"\/><\/a><\/figure>\n\n\n\n<h1>SALON EMPLOI\/FORMATION PARIS POUR L&#8217;EMPLOI<\/h1>\n\n\n\n<p>Forum \/  Job day<\/p>\n\n\n\n<figure class=\"wp-block-image\"><img src=\"https:\/\/d1guu6n8gz71j.cloudfront.net\/system\/post\/previews\/2343458\/big.png?1568542640\" alt=\"Big\"\/><\/figure>\n\n\n\n<p>17e \u00e9dition du salon emploi\/formation &#8220;Paris pour l&#8217;emploi&#8221;, jeudi 3 et vendredi 4 octobre 9\/18h, Place de la Concorde (8e)<\/p>\n\n\n\n<p>2\n 000 recruteurs, 10 000 offres propos\u00e9es \u00e0 des candidats en recherche \nd&#8217;un emploi, d&#8217;un apprentissage, d&#8217;une orientation ou d\u2019une mobilit\u00e9 \nprofessionnelle<\/p>\n\n\n\n<p>Tous les profils sont cibl\u00e9s, de tous niveaux de \ncomp\u00e9tence, de qualification et d&#8217;exp\u00e9rience&#8230; Postes en CDD, CDI, \nmissions \u00e0 l&#8217;international, stages, formations en alternance&#8230;<\/p>\n\n\n\n<p>Salon ouvert \u00e0 tous, se munir de CV<\/p>\n\n\n\n<p>Entr\u00e9e libre et gratuite, sans pr\u00e9-inscription<\/p>\n\n\n\n<p>Candidats, pr\u00e9parez-vous ! Retrouvez toutes les informations et conseils dont vous avez besoin sur le site <strong><a href=\"http:\/\/www.parisemploi.org?utm_source=jobteaser&amp;utm_medium=pushevent&amp;utm_campaign=PPE19&amp;utm_content=url\">parisemploi.org<\/a><\/strong><\/p>\n\n\n\n<p>Pour suivre l&#8217;actualit\u00e9 du salon, inscrivez-vous \u00e0 l&#8217;\u00e9v\u00e9nement Facebook &nbsp;<a href=\"https:\/\/www.facebook.com\/events\/551470912035495\/?utm_source=jobteaser&amp;utm_medium=pushevent&amp;utm_campaign=PPE19&amp;utm_content=facebook\">FacebookeventParisEmploi<\/a> ou sur Twitter <a href=\"http:\/\/www.parisemploi.org?utm_source=jobteaser&amp;utm_medium=pushevent&amp;utm_campaign=PPE19&amp;utm_content=twitter\">#PARISEMPLOI<\/a><\/p>\n","protected":false},"excerpt":{"rendered":"<p>SALON EMPLOI\/FORMATION PARIS POUR L&#8217;EMPLOI Forum \/ Job day 17e \u00e9dition du salon emploi\/formation &#8220;Paris pour l&#8217;emploi&#8221;, jeudi 3 et vendredi 4 octobre 9\/18h, Place de la Concorde (8e) 2 000 recruteurs, 10 000 offres propos\u00e9es \u00e0 des candidats en recherche d&#8217;un emploi, d&#8217;un apprentissage, d&#8217;une orientation ou d\u2019une mobilit\u00e9 professionnelle Tous les profils sont &#8230; <a title=\"SALON EMPLOI\/FORMATION PARIS POUR L&#8217;EMPLOI\" class=\"read-more\" href=\"http:\/\/amiens-sociologie.fr\/index.php\/2019\/09\/30\/salon-emploi-formation-paris-pour-lemploi\/\">Read more<span class=\"screen-reader-text\">SALON EMPLOI\/FORMATION PARIS POUR L&#8217;EMPLOI<\/span><\/a><\/p>\n","protected":false},"author":12,"featured_media":0,"comment_status":"closed","ping_status":"open","sticky":false,"template":"","format":"standard","meta":[],"categories":[5,27],"tags":[],"_links":{"self":[{"href":"http:\/\/amiens-sociologie.fr\/index.php\/wp-json\/wp\/v2\/posts\/1551"}],"collection":[{"href":"http:\/\/amiens-sociologie.fr\/index.php\/wp-json\/wp\/v2\/posts"}],"about":[{"href":"http:\/\/amiens-sociologie.fr\/index.php\/wp-json\/wp\/v2\/types\/post"}],"author":[{"embeddable":true,"href":"http:\/\/amiens-sociologie.fr\/index.php\/wp-json\/wp\/v2\/users\/12"}],"replies":[{"embeddable":true,"href":"http:\/\/amiens-sociologie.fr\/index.php\/wp-json\/wp\/v2\/comments?post=1551"}],"version-history":[{"count":1,"href":"http:\/\/amiens-sociologie.fr\/index.php\/wp-json\/wp\/v2\/posts\/1551\/revisions"}],"predecessor-version":[{"id":1552,"href":"http:\/\/amiens-sociologie.fr\/index.php\/wp-json\/wp\/v2\/posts\/1551\/revisions\/1552"}],"wp:attachment":[{"href":"http:\/\/amiens-sociologie.fr\/index.php\/wp-json\/wp\/v2\/media?parent=1551"}],"wp:term":[{"taxonomy":"category","embeddable":true,"href":"http:\/\/amiens-sociologie.fr\/index.php\/wp-json\/wp\/v2\/categories?post=1551"},{"taxonomy":"post_tag","embeddable":true,"href":"http:\/\/amiens-sociologie.fr\/index.php\/wp-json\/wp\/v2\/tags?post=1551"}],"curies":[{"name":"wp","href":"https:\/\/api.w.org\/{rel}","templated":true}]}}