{"id":1346,"date":"2019-07-23T09:50:47","date_gmt":"2019-07-23T08:50:47","guid":{"rendered":"http:\/\/amiens-sociologie.fr\/?p=1346"},"modified":"2019-07-23T09:50:47","modified_gmt":"2019-07-23T08:50:47","slug":"offre-demploi-charge-e-detudes-quantitatives-fonction-publique-ou-cdd-ville-de-paris","status":"publish","type":"post","link":"http:\/\/amiens-sociologie.fr\/index.php\/2019\/07\/23\/offre-demploi-charge-e-detudes-quantitatives-fonction-publique-ou-cdd-ville-de-paris\/","title":{"rendered":"Offre d&#8217;emploi: charg\u00e9.e d&#8217;\u00e9tudes quantitatives (fonction publique ou CDD) &#8211; Ville de Paris"},"content":{"rendered":"\n<p>Au sein de la Direction de l\u2019Action Sociale,  de l\u2019Enfance et de la Sant\u00e9 (DASES) de la Ville de Paris, l\u2019Observatoire  social recherche <strong>un.e charg\u00e9.e d\u2019\u00e9tudes quantitativiste<\/strong>.<br>Poste \u00e0 pourvoir\u00a0d\u00e8s que possible, ouvert aux agents titulaires de la fonction publique, ou contractuel.les (CDD 2 \u00e0 3 ans renouvelable). <\/p>\n\n\n\n<p>Fiche de poste dans le fichier pdf \u00e0 t\u00e9l\u00e9charger ci-dessous :<\/p>\n\n\n\n<div class=\"wp-block-file\"><a href=\"http:\/\/amiens-sociologie.fr\/wp-content\/uploads\/2019\/07\/Fiche-de-poste-charge\u0301.e-de\u0301tudes-quantitatives-Ville-de-Paris.pdf\">Fiche de poste charge\u0301.e d&#8217;e\u0301tudes quantitatives- Ville de Paris<\/a><a href=\"http:\/\/amiens-sociologie.fr\/wp-content\/uploads\/2019\/07\/Fiche-de-poste-charge\u0301.e-de\u0301tudes-quantitatives-Ville-de-Paris.pdf\" class=\"wp-block-file__button\" download>Download<\/a><\/div>\n","protected":false},"excerpt":{"rendered":"<p>Au sein de la Direction de l\u2019Action Sociale, de l\u2019Enfance et de la Sant\u00e9 (DASES) de la Ville de Paris, l\u2019Observatoire social recherche un.e charg\u00e9.e d\u2019\u00e9tudes quantitativiste.Poste \u00e0 pourvoir\u00a0d\u00e8s que possible, ouvert aux agents titulaires de la fonction publique, ou contractuel.les (CDD 2 \u00e0 3 ans renouvelable). Fiche de poste dans le fichier pdf \u00e0 &#8230; <a title=\"Offre d&#8217;emploi: charg\u00e9.e d&#8217;\u00e9tudes quantitatives (fonction publique ou CDD) &#8211; Ville de Paris\" class=\"read-more\" href=\"http:\/\/amiens-sociologie.fr\/index.php\/2019\/07\/23\/offre-demploi-charge-e-detudes-quantitatives-fonction-publique-ou-cdd-ville-de-paris\/\">Read more<span class=\"screen-reader-text\">Offre d&#8217;emploi: charg\u00e9.e d&#8217;\u00e9tudes quantitatives (fonction publique ou CDD) &#8211; Ville de Paris<\/span><\/a><\/p>\n","protected":false},"author":12,"featured_media":0,"comment_status":"closed","ping_status":"open","sticky":false,"template":"","format":"standard","meta":[],"categories":[5,27],"tags":[],"_links":{"self":[{"href":"http:\/\/amiens-sociologie.fr\/index.php\/wp-json\/wp\/v2\/posts\/1346"}],"collection":[{"href":"http:\/\/amiens-sociologie.fr\/index.php\/wp-json\/wp\/v2\/posts"}],"about":[{"href":"http:\/\/amiens-sociologie.fr\/index.php\/wp-json\/wp\/v2\/types\/post"}],"author":[{"embeddable":true,"href":"http:\/\/amiens-sociologie.fr\/index.php\/wp-json\/wp\/v2\/users\/12"}],"replies":[{"embeddable":true,"href":"http:\/\/amiens-sociologie.fr\/index.php\/wp-json\/wp\/v2\/comments?post=1346"}],"version-history":[{"count":1,"href":"http:\/\/amiens-sociologie.fr\/index.php\/wp-json\/wp\/v2\/posts\/1346\/revisions"}],"predecessor-version":[{"id":1348,"href":"http:\/\/amiens-sociologie.fr\/index.php\/wp-json\/wp\/v2\/posts\/1346\/revisions\/1348"}],"wp:attachment":[{"href":"http:\/\/amiens-sociologie.fr\/index.php\/wp-json\/wp\/v2\/media?parent=1346"}],"wp:term":[{"taxonomy":"category","embeddable":true,"href":"http:\/\/amiens-sociologie.fr\/index.php\/wp-json\/wp\/v2\/categories?post=1346"},{"taxonomy":"post_tag","embeddable":true,"href":"http:\/\/amiens-sociologie.fr\/index.php\/wp-json\/wp\/v2\/tags?post=1346"}],"curies":[{"name":"wp","href":"https:\/\/api.w.org\/{rel}","templated":true}]}}