{"id":1276,"date":"2019-04-15T21:34:44","date_gmt":"2019-04-15T20:34:44","guid":{"rendered":"http:\/\/amiens-sociologie.fr\/?p=1276"},"modified":"2019-04-15T21:34:44","modified_gmt":"2019-04-15T20:34:44","slug":"recrutement-dun-e-conseiller-e-technique-charge-e-detudes-rennes","status":"publish","type":"post","link":"http:\/\/amiens-sociologie.fr\/index.php\/2019\/04\/15\/recrutement-dun-e-conseiller-e-technique-charge-e-detudes-rennes\/","title":{"rendered":"Recrutement d&#8217;un-e conseiller-e technique charg\u00e9-e d&#8217;\u00e9tudes &#8211; Rennes"},"content":{"rendered":"\n<p> Le CREAI de Bretagne compl\u00e8te son \u00e9quipe en recrutant un-e conseiller -e technique charg\u00e9-e d\u2019\u00e9tudes.<\/p>\n\n\n\n<p> &#8211; CDI \u2013 Temps plein, situ\u00e9 \u00e0 Rennes. D\u00e9placements occasionnels en r\u00e9gion Bretagne. <\/p>\n\n\n\n<p><br>\n<strong>Missions<\/strong>. Sous l\u2019autorit\u00e9 de la\ndirection,&nbsp;vous participez \u00e0 titre principal \u00e0 la mise en \u0153uvre et \u00e0\nl\u2019alimentation d\u2019observatoires (collecte de donn\u00e9es, v\u00e9rification des donn\u00e9es,\ncalcul d\u2019indicateurs, cartographie, analyse) dans divers domaines (handicap,\nh\u00e9bergement-logement, protection de l\u2019enfance, &#8230;). Vous participez \u00e0 la\nr\u00e9alisation d\u2019\u00e9tudes quantitatives et qualitatives, \u00e0 l\u2019\u00e9laboration de journ\u00e9es\nd\u2019\u00e9tudes en appui aux Conseillers techniques, ainsi que toute action compl\u00e9mentaire\nen lien avec les missions du CREAI.<br>\n<br>\n<strong>Profil.<\/strong> Titulaire d&#8217;un niveau 1 en\nd\u00e9mographie ou sociologie, vous avez des comp\u00e9tences en analyse quantitative et\nqualitative, de conceptualisation et de conduite de projet, ainsi que de bonnes\ncapacit\u00e9s r\u00e9dactionnelles et d&#8217;expression en public. <strong>Vous maitrisez les outils de traitement de donn\u00e9es et de cartographie.<\/strong>\nVous avez une bonne connaissance des politiques publiques qui organisent\nl\u2019action sociale et m\u00e9dico-sociale. Vous pr\u00e9sentez des aptitudes pour le travail\nd\u2019\u00e9quipe. Permis B obligatoire.<br>\n<br>\n<strong>R\u00e9mun\u00e9ration<\/strong> : CCN 1966 Niveau 2,\nClasse 3 Soit environ 2800 euros brut mensuel en d\u00e9but de carri\u00e8re.<br>\n<br>\n<strong><em>Envoyer candidature (lettre de motivation et CV) avant le 25 avril 2019,\n\u00e0 Monsieur le Directeur \u2013 CREAI De Bretagne \u2013 7 rue du P\u00e2tis Tatelin 35700\nRENNES ou par mail&nbsp;:<\/em><\/strong> <strong><em>secretariat.direction@creai-bretagne.org<\/em><\/strong><\/p>\n","protected":false},"excerpt":{"rendered":"<p>Le CREAI de Bretagne compl\u00e8te son \u00e9quipe en recrutant un-e conseiller -e technique charg\u00e9-e d\u2019\u00e9tudes. &#8211; CDI \u2013 Temps plein, situ\u00e9 \u00e0 Rennes. D\u00e9placements occasionnels en r\u00e9gion Bretagne. Missions. Sous l\u2019autorit\u00e9 de la direction,&nbsp;vous participez \u00e0 titre principal \u00e0 la mise en \u0153uvre et \u00e0 l\u2019alimentation d\u2019observatoires (collecte de donn\u00e9es, v\u00e9rification des donn\u00e9es, calcul d\u2019indicateurs, &#8230; <a title=\"Recrutement d&#8217;un-e conseiller-e technique charg\u00e9-e d&#8217;\u00e9tudes &#8211; Rennes\" class=\"read-more\" href=\"http:\/\/amiens-sociologie.fr\/index.php\/2019\/04\/15\/recrutement-dun-e-conseiller-e-technique-charge-e-detudes-rennes\/\">Read more<span class=\"screen-reader-text\">Recrutement d&#8217;un-e conseiller-e technique charg\u00e9-e d&#8217;\u00e9tudes &#8211; Rennes<\/span><\/a><\/p>\n","protected":false},"author":12,"featured_media":0,"comment_status":"closed","ping_status":"open","sticky":false,"template":"","format":"standard","meta":[],"categories":[1],"tags":[],"_links":{"self":[{"href":"http:\/\/amiens-sociologie.fr\/index.php\/wp-json\/wp\/v2\/posts\/1276"}],"collection":[{"href":"http:\/\/amiens-sociologie.fr\/index.php\/wp-json\/wp\/v2\/posts"}],"about":[{"href":"http:\/\/amiens-sociologie.fr\/index.php\/wp-json\/wp\/v2\/types\/post"}],"author":[{"embeddable":true,"href":"http:\/\/amiens-sociologie.fr\/index.php\/wp-json\/wp\/v2\/users\/12"}],"replies":[{"embeddable":true,"href":"http:\/\/amiens-sociologie.fr\/index.php\/wp-json\/wp\/v2\/comments?post=1276"}],"version-history":[{"count":1,"href":"http:\/\/amiens-sociologie.fr\/index.php\/wp-json\/wp\/v2\/posts\/1276\/revisions"}],"predecessor-version":[{"id":1277,"href":"http:\/\/amiens-sociologie.fr\/index.php\/wp-json\/wp\/v2\/posts\/1276\/revisions\/1277"}],"wp:attachment":[{"href":"http:\/\/amiens-sociologie.fr\/index.php\/wp-json\/wp\/v2\/media?parent=1276"}],"wp:term":[{"taxonomy":"category","embeddable":true,"href":"http:\/\/amiens-sociologie.fr\/index.php\/wp-json\/wp\/v2\/categories?post=1276"},{"taxonomy":"post_tag","embeddable":true,"href":"http:\/\/amiens-sociologie.fr\/index.php\/wp-json\/wp\/v2\/tags?post=1276"}],"curies":[{"name":"wp","href":"https:\/\/api.w.org\/{rel}","templated":true}]}}