{"id":1236,"date":"2019-02-17T17:51:28","date_gmt":"2019-02-17T16:51:28","guid":{"rendered":"http:\/\/amiens-sociologie.fr\/?p=1236"},"modified":"2019-02-17T17:51:28","modified_gmt":"2019-02-17T16:51:28","slug":"appel-doffres-pour-des-retranscriptions-financees-dentretiens","status":"publish","type":"post","link":"http:\/\/amiens-sociologie.fr\/index.php\/2019\/02\/17\/appel-doffres-pour-des-retranscriptions-financees-dentretiens\/","title":{"rendered":"Appel d&#8217;offres pour des retranscriptions financ\u00e9es d&#8217;entretiens"},"content":{"rendered":"<div class=\"yiv1325052284gmail_default\">\n<p class=\"yiv1325052284MsoNormal\">Dans le cadre du programme r\u00e9gional \u00ab\u00a0DataSant\u00e9\u00a0\u00bb<span class=\"yiv1325052284gmail_default\">,<\/span> soutenu par la r\u00e9gion Pays de la Loire et l\u2019Universit\u00e9 de Nantes, l\u2019\u00e9quipe de recherche en sciences humaines et sociales lance un appel d\u2019offres pour effectuer des retranscriptions d\u2019entretiens.<\/p>\n<p class=\"yiv1325052284MsoNormal\">L\u2019investigation sociologique est r\u00e9alis\u00e9e en collaboration avec le P\u00f4le de recherche et d\u2019enseignement en m\u00e9decine mitochondriale (PREMMi) bas\u00e9 \u00e0 l\u2019universit\u00e9 et au CHU d\u2019Angers (unit\u00e9 BNMI &#8211; Inserm-CNRS). Le projet vise \u00e0 engager une \u00e9tude autour des usages des donn\u00e9es en sa<span class=\"yiv1325052284gmail_default\">nt\u00e9, soit les <\/span>effets de l\u2019introduction des technologies sur les conditions de production d\u2019une d\u00e9cision concernant la sant\u00e9 d\u2019une personne.<\/p>\n<p><strong>Contacts :<\/strong><\/p>\n<p class=\"yiv1325052284MsoNormal\">Anne-Chantal Hardy, Directrice de recherche en sociologie au CNRS, UMR 6297<\/p>\n<p class=\"yiv1325052284MsoNormal\"><a href=\"mailto:anne-chantal.hardy@univ-nantes.fr\" target=\"_blank\" rel=\"nofollow noopener\">anne-chantal.hardy@univ-nantes.fr<\/a> t\u00e9l : 02 53 00 93 54<\/p>\n<p class=\"yiv1325052284MsoNormal\">Mauro Turrini, Ing\u00e9nieur de recherche en sociologie, UMR 6297<\/p>\n<p class=\"yiv1325052284MsoNormal\"><a href=\"mailto:mauro.turrini@univ-nantes.fr\" target=\"_blank\" rel=\"nofollow noopener\">mauro.turrini@univ-nantes.fr<\/a> t\u00e9l : 02 53 00 93 56<\/p>\n<p class=\"yiv1325052284MsoNormal\">Adeline Perrot, Post-doctorante en sociologie, UMR 6297<\/p>\n<p class=\"yiv1325052284MsoNormal\"><a href=\"mailto:adeline.perrot@univ-nantes.fr\" target=\"_blank\" rel=\"nofollow noopener\">adeline.perrot<span class=\"yiv1325052284gmail_default\">@gmail<\/span>.<\/a><span class=\"yiv1325052284gmail_default\">com<\/span> t\u00e9l : 02 53 00 93 56<\/p>\n<\/div>\n<div>\n<div class=\"yiv1325052284gmail_signature\" dir=\"ltr\">\n<div dir=\"ltr\">\n<div>\n<div dir=\"ltr\">\n<div>\n<div dir=\"ltr\">\n<div>\n<div dir=\"ltr\">\n<div>\n<div class=\"yiv1325052284gmail-gs\">\n<div class=\"yiv1325052284gmail-gE yiv1325052284gmail-iv yiv1325052284gmail-gt\">\n<table class=\"yiv1325052284gmail-cf yiv1325052284gmail-gJ\" cellpadding=\"0\">\n<tbody>\n<tr class=\"yiv1325052284gmail-acZ\">\n<td class=\"yiv1325052284gmail-gF yiv1325052284gmail-gK\">\n<table class=\"yiv1325052284gmail-cf yiv1325052284gmail-ix\" cellpadding=\"0\">\n<tbody>\n<tr>\n<td class=\"yiv1325052284gmail-c2\"><\/td>\n<\/tr>\n<\/tbody>\n<\/table>\n<\/td>\n<td class=\"yiv1325052284gmail-gH yiv1325052284gmail-bAk\"><\/td>\n<\/tr>\n<\/tbody>\n<\/table>\n<\/div>\n<\/div>\n<\/div>\n<\/div>\n<\/div>\n<\/div>\n<\/div>\n<\/div>\n<\/div>\n<\/div>\n<\/div>\n<\/div>\n","protected":false},"excerpt":{"rendered":"<p>Dans le cadre du programme r\u00e9gional \u00ab\u00a0DataSant\u00e9\u00a0\u00bb, soutenu par la r\u00e9gion Pays de la Loire et l\u2019Universit\u00e9 de Nantes, l\u2019\u00e9quipe de recherche en sciences humaines et sociales lance un appel d\u2019offres pour effectuer des retranscriptions d\u2019entretiens. L\u2019investigation sociologique est r\u00e9alis\u00e9e en collaboration avec le P\u00f4le de recherche et d\u2019enseignement en m\u00e9decine mitochondriale (PREMMi) bas\u00e9 \u00e0 &#8230; <a title=\"Appel d&#8217;offres pour des retranscriptions financ\u00e9es d&#8217;entretiens\" class=\"read-more\" href=\"http:\/\/amiens-sociologie.fr\/index.php\/2019\/02\/17\/appel-doffres-pour-des-retranscriptions-financees-dentretiens\/\">Read more<span class=\"screen-reader-text\">Appel d&#8217;offres pour des retranscriptions financ\u00e9es d&#8217;entretiens<\/span><\/a><\/p>\n","protected":false},"author":12,"featured_media":0,"comment_status":"closed","ping_status":"open","sticky":false,"template":"","format":"standard","meta":[],"categories":[5,14,27,16],"tags":[],"_links":{"self":[{"href":"http:\/\/amiens-sociologie.fr\/index.php\/wp-json\/wp\/v2\/posts\/1236"}],"collection":[{"href":"http:\/\/amiens-sociologie.fr\/index.php\/wp-json\/wp\/v2\/posts"}],"about":[{"href":"http:\/\/amiens-sociologie.fr\/index.php\/wp-json\/wp\/v2\/types\/post"}],"author":[{"embeddable":true,"href":"http:\/\/amiens-sociologie.fr\/index.php\/wp-json\/wp\/v2\/users\/12"}],"replies":[{"embeddable":true,"href":"http:\/\/amiens-sociologie.fr\/index.php\/wp-json\/wp\/v2\/comments?post=1236"}],"version-history":[{"count":1,"href":"http:\/\/amiens-sociologie.fr\/index.php\/wp-json\/wp\/v2\/posts\/1236\/revisions"}],"predecessor-version":[{"id":1237,"href":"http:\/\/amiens-sociologie.fr\/index.php\/wp-json\/wp\/v2\/posts\/1236\/revisions\/1237"}],"wp:attachment":[{"href":"http:\/\/amiens-sociologie.fr\/index.php\/wp-json\/wp\/v2\/media?parent=1236"}],"wp:term":[{"taxonomy":"category","embeddable":true,"href":"http:\/\/amiens-sociologie.fr\/index.php\/wp-json\/wp\/v2\/categories?post=1236"},{"taxonomy":"post_tag","embeddable":true,"href":"http:\/\/amiens-sociologie.fr\/index.php\/wp-json\/wp\/v2\/tags?post=1236"}],"curies":[{"name":"wp","href":"https:\/\/api.w.org\/{rel}","templated":true}]}}