{"id":1203,"date":"2018-12-27T18:00:32","date_gmt":"2018-12-27T17:00:32","guid":{"rendered":"http:\/\/amiens-sociologie.fr\/?p=1203"},"modified":"2018-12-27T18:00:32","modified_gmt":"2018-12-27T17:00:32","slug":"offres-de-stage-direction-des-statistiques-de-pole-emploi","status":"publish","type":"post","link":"http:\/\/amiens-sociologie.fr\/index.php\/2018\/12\/27\/offres-de-stage-direction-des-statistiques-de-pole-emploi\/","title":{"rendered":"Offres de stage &#8211; Direction des statistiques de P\u00f4le emploi"},"content":{"rendered":"<p>Veuillez trouver ci-joint deux offres de stage au sein de la Direction des statistiques de P\u00f4le emploi qui peuvent int\u00e9resser les \u00e9tudiant-e-s de Master 1 ou 2 \u00e0 l&#8217;aise avec les m\u00e9thodes quantitatives.<\/p>\n<p><a href=\"http:\/\/amiens-sociologie.fr\/wp-content\/uploads\/2018\/12\/Stages-Pole-emploi.pdf\">Stages Pole emploi<\/a><\/p>\n","protected":false},"excerpt":{"rendered":"<p>Veuillez trouver ci-joint deux offres de stage au sein de la Direction des statistiques de P\u00f4le emploi qui peuvent int\u00e9resser les \u00e9tudiant-e-s de Master 1 ou 2 \u00e0 l&#8217;aise avec les m\u00e9thodes quantitatives. Stages Pole emploi<\/p>\n","protected":false},"author":12,"featured_media":0,"comment_status":"closed","ping_status":"open","sticky":false,"template":"","format":"standard","meta":[],"categories":[5,27],"tags":[],"_links":{"self":[{"href":"http:\/\/amiens-sociologie.fr\/index.php\/wp-json\/wp\/v2\/posts\/1203"}],"collection":[{"href":"http:\/\/amiens-sociologie.fr\/index.php\/wp-json\/wp\/v2\/posts"}],"about":[{"href":"http:\/\/amiens-sociologie.fr\/index.php\/wp-json\/wp\/v2\/types\/post"}],"author":[{"embeddable":true,"href":"http:\/\/amiens-sociologie.fr\/index.php\/wp-json\/wp\/v2\/users\/12"}],"replies":[{"embeddable":true,"href":"http:\/\/amiens-sociologie.fr\/index.php\/wp-json\/wp\/v2\/comments?post=1203"}],"version-history":[{"count":1,"href":"http:\/\/amiens-sociologie.fr\/index.php\/wp-json\/wp\/v2\/posts\/1203\/revisions"}],"predecessor-version":[{"id":1205,"href":"http:\/\/amiens-sociologie.fr\/index.php\/wp-json\/wp\/v2\/posts\/1203\/revisions\/1205"}],"wp:attachment":[{"href":"http:\/\/amiens-sociologie.fr\/index.php\/wp-json\/wp\/v2\/media?parent=1203"}],"wp:term":[{"taxonomy":"category","embeddable":true,"href":"http:\/\/amiens-sociologie.fr\/index.php\/wp-json\/wp\/v2\/categories?post=1203"},{"taxonomy":"post_tag","embeddable":true,"href":"http:\/\/amiens-sociologie.fr\/index.php\/wp-json\/wp\/v2\/tags?post=1203"}],"curies":[{"name":"wp","href":"https:\/\/api.w.org\/{rel}","templated":true}]}}