{"id":1201,"date":"2018-12-20T00:01:38","date_gmt":"2018-12-19T23:01:38","guid":{"rendered":"http:\/\/amiens-sociologie.fr\/?p=1201"},"modified":"2018-12-20T00:01:38","modified_gmt":"2018-12-19T23:01:38","slug":"vacance-de-poste-charge-e-de-recherche-et-devaluation-a-la-cnaf","status":"publish","type":"post","link":"http:\/\/amiens-sociologie.fr\/index.php\/2018\/12\/20\/vacance-de-poste-charge-e-de-recherche-et-devaluation-a-la-cnaf\/","title":{"rendered":"Vacance de poste : Charg\u00e9.e de recherche et d&#8217;\u00e9valuation \u00e0 la CNAF"},"content":{"rendered":"<div>La Cnaf recrute un.e charg\u00e9.e de recherche et d&#8217;\u00e9valuation en CDD (6 mois).<\/div>\n<div>Vous trouverez l&#8217;annonce sur le site de l&#8217;Apec ainsi qu&#8217;ici :\u00a0<a href=\"http:\/\/www.lasecurecrute.fr\/je-cherche\/une-offre\/fiche-de-poste\/charge-de-statistiques-et-d-etudes?posteId=267892\" target=\"_blank\" rel=\"noopener noreferrer\">http:\/\/www.lasecurecrute.fr\/je-cherche\/une-offre\/fiche-de-poste\/charge-de-statistiques-et-d-etudes?posteId=267892 <\/a><\/div>\n<div><a href=\"http:\/\/www.lasecurecrute.fr\/je-cherche\/une-offre\/fiche-de-poste\/charge-de-statistiques-et-d-etudes?posteId=267892\" target=\"_blank\" rel=\"noopener noreferrer\">et ci-dessous.<\/a><\/div>\n<div>Attention, la date limite de candidature a \u00e9t\u00e9 fix\u00e9e au 4 janvier 2019.<\/div>\n<div><\/div>\n<div>\n<div class=\"bloc-titre\">\n<h1 id=\"offerTitle\">Charg\u00e9-e de recherche et d&#8217;\u00e9valuation F\/H<\/h1>\n<\/div>\n<div class=\"bloc-contenu-rz\"><a class=\"lienback\" href=\"http:\/\/www.lasecurecrute.fr\/je-cherche\/une-offre\/resultats-de-recherche\">Retour aux r\u00e9sultats<\/a><\/p>\n<div class=\"blockinfo\">\n<div class=\"tableau\">\n<table>\n<tbody>\n<tr>\n<td class=\"titre\">Date de parution<\/td>\n<td class=\"reponse\">14\/12\/2018<\/td>\n<\/tr>\n<tr>\n<td class=\"titre\">Date limite de candidature<\/td>\n<td class=\"reponse\">04\/01\/2019<\/td>\n<\/tr>\n<tr>\n<td class=\"titre\">N\u00b0 de l\u2019offre<\/td>\n<td class=\"reponse\">NVHADD13455<\/td>\n<\/tr>\n<tr>\n<td class=\"titre\">Lieu<\/td>\n<td class=\"reponse\">Paris<\/td>\n<\/tr>\n<tr>\n<td class=\"titre\">Type de contrat<\/td>\n<td class=\"reponse\">CDD<\/td>\n<\/tr>\n<tr>\n<td class=\"titre\">Organisme<\/td>\n<td class=\"reponse\">CNAF<\/td>\n<\/tr>\n<tr>\n<td class=\"titre\">Niveau de qualification<\/td>\n<td class=\"reponse\">NIVEAU 7<\/td>\n<\/tr>\n<\/tbody>\n<\/table>\n<\/div>\n<\/div>\n<\/div>\n<div class=\"blockinfo\">\n<div class=\"boutons\"><\/div>\n<\/div>\n<h3>Contexte<\/h3>\n<p>La Cnaf (Caisse nationale des allocations familiales), t\u00eate de r\u00e9seau des Caf a pour mission de piloter la politique familiale et l\u2019aide aux populations en situation de pr\u00e9carit\u00e9. Elle repr\u00e9sente la branche famille de la S\u00e9curit\u00e9 Sociale. La Direction des Statistiques, des Etudes et de la Recherche (DSER) est compos\u00e9e de trois d\u00e9partements : \u2022 le d\u00e9partement des analyses statistiques et \u00e9conomiques \u2022 le d\u00e9partement statistique, syst\u00e8mes d\u2019informations et Big Data \u2022 le d\u00e9partement de la recherche, des \u00e9tudes et de la valorisation scientifique. Le d\u00e9partement de la recherche, des \u00e9tudes et de la valorisation scientifique est compos\u00e9 de 2 p\u00f4les : &#8211; le p\u00f4le \u00ab recherche, \u00e9tudes et veille scientifique \u00bb qui conduit et soutient des \u00e9tudes, des \u00e9valuations ou des recherches afin d\u2019\u00e9clairer les grandes \u00e9volutions des probl\u00e9matiques familiales et sociales. Il conduit \u00e9galement des travaux sur les usagers et la relation de service des Caf. Ces travaux sont men\u00e9s en interne ou au travers d\u2019appels d\u2019offres et d\u2019appels \u00e0 projets de recherche lanc\u00e9s aupr\u00e8s de la communaut\u00e9 scientifique. C\u2019est au sein de ce p\u00f4le que se situe le poste \u00e0 pourvoir ; &#8211; le p\u00f4le \u00ab \u00e9ditorial recherche et statistiques \u00bb est charg\u00e9 de valoriser, \u00e0 savoir faire connaitre, rendre accessible et promouvoir les travaux du d\u00e9partement ainsi que de la direction des statistiques, des \u00e9tudes et de la recherche. Il assure la publication de deux revues (la Revue des politiques familiales et sociales, Informations sociales), de documents de travail (Dossiers d\u2019\u00e9tudes), de supports \u00e9lectroniques (E-ssentiel, Rsa conjoncture et prime d\u2019activit\u00e9 conjoncture). Il anime la diffusion des supports et des donn\u00e9es ouvertes. Il favorise les \u00e9changes internes et externes via l\u2019organisation de colloques et de s\u00e9minaires. L\u2019Observatoire national de la petite enfance (ONaPE) est rattach\u00e9 au responsable du d\u00e9partement.<\/p>\n<h3>Mission\/Activit\u00e9s<\/h3>\n<p>La finalit\u00e9 du poste est de contribuer au pilotage de l\u2019institution par la conception, le suivi et la r\u00e9alisation de travaux d\u2019\u00e9tudes, de recherche et d\u2019\u00e9valuations des politiques. Ainsi, le\/la charg\u00e9.e de recherche et d\u2019\u00e9valuation sera amen\u00e9.e \u00e0 : &#8211; piloter ou suivre des travaux d&#8217;\u00e9tudes, d\u2019\u00e9valuations et de recherche, seul, en collaboration avec ses coll\u00e8gues ou en partenariat avec d\u2019autres institutions (s\u00e9lection de prestataires le cas \u00e9ch\u00e9ant, suivi de travaux); &#8211; r\u00e9aliser une ou des synth\u00e8ses de la litt\u00e9rature portant sur des th\u00e9matiques relatives aux questions familiales et sociales, et en particulier sur l\u2019animation de la vie sociale ; &#8211; participer aux travaux du d\u00e9partement en mobilisant ses connaissances et comp\u00e9tences pour la r\u00e9alisation d\u2019une veille scientifique et la production d\u2019expertises le cas \u00e9ch\u00e9ant Les activit\u00e9s pourront \u00eatre en partie adapt\u00e9es au regard des comp\u00e9tences et du champ d\u2019expertise du\/de la candidat.e retenu.e. Quelques d\u00e9placements en r\u00e9gion parisienne et en France m\u00e9tropolitaine sont possibles.<\/p>\n<h3>Comp\u00e9tences<\/h3>\n<p>Il\/elle devra disposer des connaissances et comp\u00e9tences techniques suivantes : \u00ad- conna\u00eetre les fondamentaux des sciences sociales, plus particuli\u00e8rement dans au moins l\u2019une des disciplines suivantes : sociologie, sciences politiques, \u00e9conomie ; \u00ad- conna\u00eetre les fondamentaux de la d\u00e9marche d\u2019\u00e9valuation des politiques publiques ; \u00ad- ma\u00eetriser les techniques d\u2019analyse qualitative (et quantitative si possible) ; \u00ad- ma\u00eetriser l\u2019utilisation des outils informatiques (word, excel, power point) ; \u00ad- disposer de connaissances sur les politiques familiales et sociales serait un plus ; \u00ad- ma\u00eetrise de l\u2019anglais appr\u00e9ci\u00e9e. Le\/la charg\u00e9.e de recherche et d\u2019\u00e9valuation devra poss\u00e9der les qualit\u00e9s suivantes : &#8211; autonomie dans le travail &#8211; capacit\u00e9 d\u2019adaptation &#8211; force de proposition &#8211; tr\u00e8s bonne communication orale et \u00e9crite &#8211; sens relationnel. N\u00e9cessit\u00e9 de reprendre certains dossiers d\u00e9j\u00e0 en cours. Plusieurs projets concomitants.<\/p>\n<h3>Formation<\/h3>\n<p>Titulaire d&#8217;un dipl\u00f4me de deuxi\u00e8me\/troisi\u00e8me cycle en sciences sociales. Une exp\u00e9rience pr\u00e9alable comme charg\u00e9.e d\u2019\u00e9tude, chercheur.e ou \u00e9valuateur\/\u00e9valuatrice serait appr\u00e9ci\u00e9e.<\/p>\n<h3>Conditions particuli\u00e8res<\/h3>\n<p>R\u00e9mun\u00e9ration brute annuelle \u00e0 partir de 37K\u20ac vers\u00e9e sur 14 mois.<\/p>\n<h3>Contact<\/h3>\n<p>Merci de faire parvenir votre CV et Lettre de motivation uniquement \u00e0 l&#8217;adresse suivante : cnaf-748394@cvmail.com TOUTE CANDIDATURE ENVOYEE A UNE AUTRE ADRESSE MAIL QUE CELLE INDIQUEE NE SERA PAS ETUDIE.<\/p>\n<\/div>\n","protected":false},"excerpt":{"rendered":"<p>La Cnaf recrute un.e charg\u00e9.e de recherche et d&#8217;\u00e9valuation en CDD (6 mois). Vous trouverez l&#8217;annonce sur le site de l&#8217;Apec ainsi qu&#8217;ici :\u00a0http:\/\/www.lasecurecrute.fr\/je-cherche\/une-offre\/fiche-de-poste\/charge-de-statistiques-et-d-etudes?posteId=267892 et ci-dessous. Attention, la date limite de candidature a \u00e9t\u00e9 fix\u00e9e au 4 janvier 2019. Charg\u00e9-e de recherche et d&#8217;\u00e9valuation F\/H Retour aux r\u00e9sultats Date de parution 14\/12\/2018 Date limite de &#8230; <a title=\"Vacance de poste : Charg\u00e9.e de recherche et d&#8217;\u00e9valuation \u00e0 la CNAF\" class=\"read-more\" href=\"http:\/\/amiens-sociologie.fr\/index.php\/2018\/12\/20\/vacance-de-poste-charge-e-de-recherche-et-devaluation-a-la-cnaf\/\">Read more<span class=\"screen-reader-text\">Vacance de poste : Charg\u00e9.e de recherche et d&#8217;\u00e9valuation \u00e0 la CNAF<\/span><\/a><\/p>\n","protected":false},"author":12,"featured_media":0,"comment_status":"closed","ping_status":"open","sticky":false,"template":"","format":"standard","meta":[],"categories":[5,27],"tags":[],"_links":{"self":[{"href":"http:\/\/amiens-sociologie.fr\/index.php\/wp-json\/wp\/v2\/posts\/1201"}],"collection":[{"href":"http:\/\/amiens-sociologie.fr\/index.php\/wp-json\/wp\/v2\/posts"}],"about":[{"href":"http:\/\/amiens-sociologie.fr\/index.php\/wp-json\/wp\/v2\/types\/post"}],"author":[{"embeddable":true,"href":"http:\/\/amiens-sociologie.fr\/index.php\/wp-json\/wp\/v2\/users\/12"}],"replies":[{"embeddable":true,"href":"http:\/\/amiens-sociologie.fr\/index.php\/wp-json\/wp\/v2\/comments?post=1201"}],"version-history":[{"count":1,"href":"http:\/\/amiens-sociologie.fr\/index.php\/wp-json\/wp\/v2\/posts\/1201\/revisions"}],"predecessor-version":[{"id":1202,"href":"http:\/\/amiens-sociologie.fr\/index.php\/wp-json\/wp\/v2\/posts\/1201\/revisions\/1202"}],"wp:attachment":[{"href":"http:\/\/amiens-sociologie.fr\/index.php\/wp-json\/wp\/v2\/media?parent=1201"}],"wp:term":[{"taxonomy":"category","embeddable":true,"href":"http:\/\/amiens-sociologie.fr\/index.php\/wp-json\/wp\/v2\/categories?post=1201"},{"taxonomy":"post_tag","embeddable":true,"href":"http:\/\/amiens-sociologie.fr\/index.php\/wp-json\/wp\/v2\/tags?post=1201"}],"curies":[{"name":"wp","href":"https:\/\/api.w.org\/{rel}","templated":true}]}}