{"id":1198,"date":"2018-12-19T23:54:38","date_gmt":"2018-12-19T22:54:38","guid":{"rendered":"http:\/\/amiens-sociologie.fr\/?p=1198"},"modified":"2018-12-19T23:54:38","modified_gmt":"2018-12-19T22:54:38","slug":"lobservatoire-social-europeen-ose-engage-une-chercheure-niveau-master-dans-le-domaine-des-soins-de-sante","status":"publish","type":"post","link":"http:\/\/amiens-sociologie.fr\/index.php\/2018\/12\/19\/lobservatoire-social-europeen-ose-engage-une-chercheure-niveau-master-dans-le-domaine-des-soins-de-sante\/","title":{"rendered":"L&#8217;Observatoire social europ\u00e9en (OSE) engage un(e) chercheur(e) niveau Master dans le domaine des soins de sant\u00e9"},"content":{"rendered":"<div><span lang=\"FR\">L&#8217;Observatoire social europ\u00e9en (OSE) engage un(e) chercheur(e) niveau Master \u00e0 mi-temps dans le domaine des soins de sant\u00e9. Le\/la chercheur(e) (francophone) sera impliqu\u00e9(e) dans des recherches sur<span class=\"yiv6955559525m_-3711688542748311279Apple-converted-space\">\u00a0<\/span><\/span><\/div>\n<div><span lang=\"FR\">(a) les in\u00e9galit\u00e9s d&#8217;acc\u00e8s aux soins de sant\u00e9 en Belgique et\/ou<span class=\"yiv6955559525m_-3711688542748311279Apple-converted-space\">\u00a0<\/span><\/span><\/div>\n<div><span lang=\"FR\">(b) le fonctionnement des r\u00e9seaux europ\u00e9ens de r\u00e9f\u00e9rence des centres d&#8217;expertise.<span class=\"yiv6955559525m_-3711688542748311279Apple-converted-space\">\u00a0<\/span><\/span><\/div>\n<div><span lang=\"FR\">\u00a0<\/span><\/div>\n<div><span lang=\"FR\">Voir l\u2019annonce\u00a0:<span class=\"yiv6955559525m_-3711688542748311279Apple-converted-space\">\u00a0<\/span><a href=\"http:\/\/www.ose.be\/files\/Engagement_Chercheur_Sante_dec2018_FR.pdf\" target=\"_blank\" rel=\"noopener noreferrer\">http:\/\/www.ose.be\/files\/Engagement_Chercheur_Sante_dec2018_FR.pdf<\/a><\/span><\/div>\n<div>ou<\/div>\n<div><a href=\"http:\/\/amiens-sociologie.fr\/wp-content\/uploads\/2018\/12\/Engagement_Chercheur_Sante_dec2018_FR.pdf\">Engagement_Chercheur_Sante_dec2018_FR<\/a><\/div>\n","protected":false},"excerpt":{"rendered":"<p>L&#8217;Observatoire social europ\u00e9en (OSE) engage un(e) chercheur(e) niveau Master \u00e0 mi-temps dans le domaine des soins de sant\u00e9. Le\/la chercheur(e) (francophone) sera impliqu\u00e9(e) dans des recherches sur\u00a0 (a) les in\u00e9galit\u00e9s d&#8217;acc\u00e8s aux soins de sant\u00e9 en Belgique et\/ou\u00a0 (b) le fonctionnement des r\u00e9seaux europ\u00e9ens de r\u00e9f\u00e9rence des centres d&#8217;expertise.\u00a0 \u00a0 Voir l\u2019annonce\u00a0:\u00a0http:\/\/www.ose.be\/files\/Engagement_Chercheur_Sante_dec2018_FR.pdf ou Engagement_Chercheur_Sante_dec2018_FR<\/p>\n","protected":false},"author":12,"featured_media":0,"comment_status":"closed","ping_status":"open","sticky":false,"template":"","format":"standard","meta":[],"categories":[5,27],"tags":[],"_links":{"self":[{"href":"http:\/\/amiens-sociologie.fr\/index.php\/wp-json\/wp\/v2\/posts\/1198"}],"collection":[{"href":"http:\/\/amiens-sociologie.fr\/index.php\/wp-json\/wp\/v2\/posts"}],"about":[{"href":"http:\/\/amiens-sociologie.fr\/index.php\/wp-json\/wp\/v2\/types\/post"}],"author":[{"embeddable":true,"href":"http:\/\/amiens-sociologie.fr\/index.php\/wp-json\/wp\/v2\/users\/12"}],"replies":[{"embeddable":true,"href":"http:\/\/amiens-sociologie.fr\/index.php\/wp-json\/wp\/v2\/comments?post=1198"}],"version-history":[{"count":1,"href":"http:\/\/amiens-sociologie.fr\/index.php\/wp-json\/wp\/v2\/posts\/1198\/revisions"}],"predecessor-version":[{"id":1200,"href":"http:\/\/amiens-sociologie.fr\/index.php\/wp-json\/wp\/v2\/posts\/1198\/revisions\/1200"}],"wp:attachment":[{"href":"http:\/\/amiens-sociologie.fr\/index.php\/wp-json\/wp\/v2\/media?parent=1198"}],"wp:term":[{"taxonomy":"category","embeddable":true,"href":"http:\/\/amiens-sociologie.fr\/index.php\/wp-json\/wp\/v2\/categories?post=1198"},{"taxonomy":"post_tag","embeddable":true,"href":"http:\/\/amiens-sociologie.fr\/index.php\/wp-json\/wp\/v2\/tags?post=1198"}],"curies":[{"name":"wp","href":"https:\/\/api.w.org\/{rel}","templated":true}]}}