{"id":1178,"date":"2018-11-28T18:34:21","date_gmt":"2018-11-28T17:34:21","guid":{"rendered":"http:\/\/amiens-sociologie.fr\/?p=1178"},"modified":"2018-11-28T18:34:21","modified_gmt":"2018-11-28T17:34:21","slug":"offre-de-stage-etudiant-e-s-master-2-conduite-dune-enquete-de-terrain-sur-les-recompositions-des-politiques-de-lhabitat","status":"publish","type":"post","link":"http:\/\/amiens-sociologie.fr\/index.php\/2018\/11\/28\/offre-de-stage-etudiant-e-s-master-2-conduite-dune-enquete-de-terrain-sur-les-recompositions-des-politiques-de-lhabitat\/","title":{"rendered":"Offre de stage \u00e9tudiant.e.s Master 2 : Conduite d&#8217;une enqu\u00eate de terrain sur les recompositions des politiques de l&#8217;habitat."},"content":{"rendered":"<p>Ci-joint <b>u<\/b><b>ne offre de stage \u00e0 destination d&#8217;\u00e9tudiant.e.s de Master 2<\/b>.<\/p>\n<p>Ce stage vise \u00e0 participer \u00e0 la conduite d&#8217;une enqu\u00eate de terrain, dans le cadre d&#8217;un projet de recherche coordonn\u00e9 par l&#8217;Universit\u00e9 Jean Monnet de Saint-Etienne, et consacr\u00e9 aux recompositions des politiques de l&#8217;habitat.<\/p>\n<p>Pour toute information compl\u00e9mentaire, suivre le lien ci-dessous et contactez<\/p>\n<div>\n<div>Marine Bourgeois<\/div>\n<div><span style=\"font-family: arial narrow, sans-serif; font-size: xx-small;\">Postdoctorante \u00e0 l&#8217;universit\u00e9 Jean Monnet Saint-Etienne, Triangle\u00a0<\/span><\/div>\n<div>Chercheuse associ\u00e9e au Centre d&#8217;\u00e9tudes europ\u00e9ennes et de politique compar\u00e9e, Sciences Po Paris<\/div>\n<div><span style=\"font-family: arial narrow, sans-serif;\"><a id=\"yiv4996246709LPlnk773708\" class=\"yiv4996246709OWAAutoLink\" href=\"http:\/\/blogs.sciences-po.fr\/recherche-villes\/\" target=\"_blank\" rel=\"nofollow noopener\">&#8216;Cities are back in Town&#8217;\u00a0<\/a>Urban Research Program<\/span><\/div>\n<div><\/div>\n<\/div>\n<div><a href=\"http:\/\/amiens-sociologie.fr\/wp-content\/uploads\/2018\/11\/Attribution-peuplement-et-intercommunalit\u00e9s-Offre-de-stage.pdf\">[Attribution, peuplement et intercommunalit\u00e9s] Offre de stage<\/a><\/div>\n<p><span style=\"font-size: xx-small;\">\u00a0\u00a0\u00a0\u00a0 <\/span><\/p>\n","protected":false},"excerpt":{"rendered":"<p>Ci-joint une offre de stage \u00e0 destination d&#8217;\u00e9tudiant.e.s de Master 2. Ce stage vise \u00e0 participer \u00e0 la conduite d&#8217;une enqu\u00eate de terrain, dans le cadre d&#8217;un projet de recherche coordonn\u00e9 par l&#8217;Universit\u00e9 Jean Monnet de Saint-Etienne, et consacr\u00e9 aux recompositions des politiques de l&#8217;habitat. Pour toute information compl\u00e9mentaire, suivre le lien ci-dessous et contactez &#8230; <a title=\"Offre de stage \u00e9tudiant.e.s Master 2 : Conduite d&#8217;une enqu\u00eate de terrain sur les recompositions des politiques de l&#8217;habitat.\" class=\"read-more\" href=\"http:\/\/amiens-sociologie.fr\/index.php\/2018\/11\/28\/offre-de-stage-etudiant-e-s-master-2-conduite-dune-enquete-de-terrain-sur-les-recompositions-des-politiques-de-lhabitat\/\">Read more<span class=\"screen-reader-text\">Offre de stage \u00e9tudiant.e.s Master 2 : Conduite d&#8217;une enqu\u00eate de terrain sur les recompositions des politiques de l&#8217;habitat.<\/span><\/a><\/p>\n","protected":false},"author":12,"featured_media":0,"comment_status":"closed","ping_status":"open","sticky":false,"template":"","format":"standard","meta":[],"categories":[5,14,27,16],"tags":[],"_links":{"self":[{"href":"http:\/\/amiens-sociologie.fr\/index.php\/wp-json\/wp\/v2\/posts\/1178"}],"collection":[{"href":"http:\/\/amiens-sociologie.fr\/index.php\/wp-json\/wp\/v2\/posts"}],"about":[{"href":"http:\/\/amiens-sociologie.fr\/index.php\/wp-json\/wp\/v2\/types\/post"}],"author":[{"embeddable":true,"href":"http:\/\/amiens-sociologie.fr\/index.php\/wp-json\/wp\/v2\/users\/12"}],"replies":[{"embeddable":true,"href":"http:\/\/amiens-sociologie.fr\/index.php\/wp-json\/wp\/v2\/comments?post=1178"}],"version-history":[{"count":1,"href":"http:\/\/amiens-sociologie.fr\/index.php\/wp-json\/wp\/v2\/posts\/1178\/revisions"}],"predecessor-version":[{"id":1180,"href":"http:\/\/amiens-sociologie.fr\/index.php\/wp-json\/wp\/v2\/posts\/1178\/revisions\/1180"}],"wp:attachment":[{"href":"http:\/\/amiens-sociologie.fr\/index.php\/wp-json\/wp\/v2\/media?parent=1178"}],"wp:term":[{"taxonomy":"category","embeddable":true,"href":"http:\/\/amiens-sociologie.fr\/index.php\/wp-json\/wp\/v2\/categories?post=1178"},{"taxonomy":"post_tag","embeddable":true,"href":"http:\/\/amiens-sociologie.fr\/index.php\/wp-json\/wp\/v2\/tags?post=1178"}],"curies":[{"name":"wp","href":"https:\/\/api.w.org\/{rel}","templated":true}]}}